{"id":18241,"date":"2024-11-22T08:38:25","date_gmt":"2024-11-22T14:38:25","guid":{"rendered":"https:\/\/conexiontotal.press\/?p=18241"},"modified":"2024-12-02T08:38:31","modified_gmt":"2024-12-02T14:38:31","slug":"celebra-familia-uat-festival-navideno-en-el-campus-victoria","status":"publish","type":"post","link":"https:\/\/conexiontotal.press\/index.php\/2024\/11\/22\/celebra-familia-uat-festival-navideno-en-el-campus-victoria\/","title":{"rendered":"Celebra Familia UAT festival navide\u00f1o en el Campus Victoria\u00a0"},"content":{"rendered":"<p>En un ambiente lleno de alegr\u00eda, tradici\u00f3n y esp\u00edritu de celebraci\u00f3n, la Universidad Aut\u00f3noma de Tamaulipas (UAT) llev\u00f3 a cabo el Festival Navide\u00f1o Familia UAT en el Gimnasio Multidisciplinario de Ciudad Victoria.<\/p>\n<p>Con la presencia del rector D\u00e1maso Anaya Alvarado, y de su esposa, Isolda Rend\u00f3n de Anaya, presidenta de Familia UAT, el evento reuni\u00f3 a padres y madres de familia que asistieron al magno festejo de sus hijos e hijas que ofrecieron una serie de n\u00fameros musicales y coreogr\u00e1ficos que capturaron el esp\u00edritu de la temporada.<\/p>\n<p>En el desarrollo del programa participaron ni\u00f1as y ni\u00f1os que son atendidos en las estancias infantiles CENDI UAT, CENDI IMSS y el C\u00edrculo de Desarrollo Infantil; de igual manera, participaron grupos infantiles del Centro Especializado de Idiomas para la Ni\u00f1ez y Adolescencia (CEINA) e integrantes del Club de la Edad de Oro del Centro Operativo Multidisciplinario de Servicio Social (COMASS).<\/p>\n<p>En su mensaje al p\u00fablico, el rector D\u00e1maso Anaya expres\u00f3 su satisfacci\u00f3n por el evento, resaltando la energ\u00eda positiva y el sentido de unidad que se vivi\u00f3 entre los asistentes. Se\u00f1al\u00f3 que estas actividades fortalecen el v\u00ednculo entre los integrantes de la comunidad universitaria y reflejan el compromiso de la instituci\u00f3n con los valores familiares.<\/p>\n<p>Dijo que el festival deja una especial satisfacci\u00f3n, gracias a la participaci\u00f3n de los ni\u00f1os y los adultos mayores, as\u00ed como al esfuerzo de quienes lo hicieron posible, por lo que en la Universidad se busca que estos momentos de alegr\u00eda y convivencia se repitan a\u00f1o con a\u00f1o como una muestra del esp\u00edritu de unidad que se fomenta en la UAT.<\/p>\n<p>Por su parte, la Lic. Isolda Rend\u00f3n resalt\u00f3 el simbolismo de la temporada decembrina al realizar el encendido de la estrella navide\u00f1a, que marc\u00f3 un emotivo momento de reflexi\u00f3n y uni\u00f3n familiar.<\/p>\n<p>Con trajes coloridos, villancicos y una energ\u00eda contagiosa, los participantes ofrecieron un espect\u00e1culo que llen\u00f3 de emoci\u00f3n a los asistentes. Como acto simb\u00f3lico, se realiz\u00f3 el encendido de una gran estrella navide\u00f1a, un momento que marc\u00f3 el cierre del festival con un mensaje de uni\u00f3n y esperanza, en una tarde inolvidable enmarcada por m\u00e1s de 23 presentaciones art\u00edsticas que reflejaron la magia y el esp\u00edritu de la Navidad.<\/p>\n","protected":false},"excerpt":{"rendered":"<p>En un ambiente lleno de alegr\u00eda, tradici\u00f3n y esp\u00edritu de celebraci\u00f3n, la Universidad Aut\u00f3noma de Tamaulipas (UAT) llev\u00f3 a cabo el Festival Navide\u00f1o Familia UAT en el Gimnasio Multidisciplinario de Ciudad Victoria. Con la presencia del rector D\u00e1maso Anaya Alvarado, y de su esposa, Isolda Rend\u00f3n de Anaya, presidenta de Familia UAT, el evento reuni\u00f3 [&hellip;]<\/p>\n","protected":false},"author":4,"featured_media":18242,"comment_status":"closed","ping_status":"closed","sticky":false,"template":"","format":"standard","meta":{"footnotes":""},"categories":[3],"tags":[],"class_list":["post-18241","post","type-post","status-publish","format-standard","has-post-thumbnail","hentry","category-victoria"],"_links":{"self":[{"href":"https:\/\/conexiontotal.press\/index.php\/wp-json\/wp\/v2\/posts\/18241","targetHints":{"allow":["GET"]}}],"collection":[{"href":"https:\/\/conexiontotal.press\/index.php\/wp-json\/wp\/v2\/posts"}],"about":[{"href":"https:\/\/conexiontotal.press\/index.php\/wp-json\/wp\/v2\/types\/post"}],"author":[{"embeddable":true,"href":"https:\/\/conexiontotal.press\/index.php\/wp-json\/wp\/v2\/users\/4"}],"replies":[{"embeddable":true,"href":"https:\/\/conexiontotal.press\/index.php\/wp-json\/wp\/v2\/comments?post=18241"}],"version-history":[{"count":1,"href":"https:\/\/conexiontotal.press\/index.php\/wp-json\/wp\/v2\/posts\/18241\/revisions"}],"predecessor-version":[{"id":18243,"href":"https:\/\/conexiontotal.press\/index.php\/wp-json\/wp\/v2\/posts\/18241\/revisions\/18243"}],"wp:featuredmedia":[{"embeddable":true,"href":"https:\/\/conexiontotal.press\/index.php\/wp-json\/wp\/v2\/media\/18242"}],"wp:attachment":[{"href":"https:\/\/conexiontotal.press\/index.php\/wp-json\/wp\/v2\/media?parent=18241"}],"wp:term":[{"taxonomy":"category","embeddable":true,"href":"https:\/\/conexiontotal.press\/index.php\/wp-json\/wp\/v2\/categories?post=18241"},{"taxonomy":"post_tag","embeddable":true,"href":"https:\/\/conexiontotal.press\/index.php\/wp-json\/wp\/v2\/tags?post=18241"}],"curies":[{"name":"wp","href":"https:\/\/api.w.org\/{rel}","templated":true}]}}