{"id":18271,"date":"2024-12-02T09:07:23","date_gmt":"2024-12-02T15:07:23","guid":{"rendered":"https:\/\/conexiontotal.press\/?p=18271"},"modified":"2024-12-02T09:07:23","modified_gmt":"2024-12-02T15:07:23","slug":"arranca-el-invierno-meteorologico-en-tamaulipas-que-clima-esperar","status":"publish","type":"post","link":"https:\/\/conexiontotal.press\/index.php\/2024\/12\/02\/arranca-el-invierno-meteorologico-en-tamaulipas-que-clima-esperar\/","title":{"rendered":"Arranca el Invierno Meteorol\u00f3gico en Tamaulipas: \u00bfQu\u00e9 clima esperar?"},"content":{"rendered":"<p>Este 1\u00b0 de diciembre arranc\u00f3 oficialmente el Invierno Meteorol\u00f3gico, una de las estaciones m\u00e1s esperadas del a\u00f1o, con condiciones que podr\u00edan ser extremas en el estado de Tamaulipas.<\/p>\n<p>Y es que se prev\u00e9 por parte de los estudiosos del clima, que &#8220;dominar\u00e1n los d\u00edas con ambiente templado-c\u00e1lido , intercalado con breves pero agresivas masas de aire \u00e1rtico&#8221;, seg\u00fan Meteorolog\u00eda Tamaulipas.<\/p>\n<p>As\u00ed tambi\u00e9n, se\u00f1al\u00f3 que esto ser\u00e1 derivado bajo las condiciones de fase Neutral o la Ni\u00f1a.<\/p>\n<p>Tambekn anticip\u00f3 que, a lo largo de los pr\u00f3ximos meses, Tamaulipas experimentar\u00e1 un invierno marcado por d\u00edas de ambiente templado a c\u00e1lido, pero intercalados con breves pero intensas oleadas de aire \u00e1rtico que generar\u00e1n descensos bruscos de temperatura.<\/p>\n<p>A pesar de los fr\u00edos espor\u00e1dicos, las lluvias en la regi\u00f3n se mantendr\u00e1n por debajo del promedio, lo que sugiere una temporada m\u00e1s seca de lo habitual.<span class=\"Apple-converted-space\">\u00a0<\/span><\/p>\n<p>En t\u00e9rminos generales, los descensos de temperatura que se registren durante este periodo ser\u00e1n secos, sin grandes acumulaciones de lluvia.<\/p>\n<p>El invierno continuar\u00e1 su curso y alcanzar\u00e1 su punto culminante con el inicio del Invierno Astron\u00f3mico, que se dar\u00e1 el pr\u00f3ximo 21 de diciembre, con el solsticio de invierno, marcando el d\u00eda m\u00e1s corto del a\u00f1o.<\/p>\n<p>Los meteor\u00f3logos recomiendan estar atentos a los cambios de temperatura y tomar precauciones ante las posibles variaciones abruptas de clima que caracterizar\u00e1n esta temporada invernal.<\/p>\n<p>Antonio H. Mandujano<span class=\"Apple-converted-space\">\u00a0<\/span><\/p>\n","protected":false},"excerpt":{"rendered":"<p>Este 1\u00b0 de diciembre arranc\u00f3 oficialmente el Invierno Meteorol\u00f3gico, una de las estaciones m\u00e1s esperadas del a\u00f1o, con condiciones que podr\u00edan ser extremas en el estado de Tamaulipas. Y es que se prev\u00e9 por parte de los estudiosos del clima, que &#8220;dominar\u00e1n los d\u00edas con ambiente templado-c\u00e1lido , intercalado con breves pero agresivas masas de [&hellip;]<\/p>\n","protected":false},"author":4,"featured_media":18272,"comment_status":"closed","ping_status":"closed","sticky":false,"template":"","format":"standard","meta":{"footnotes":""},"categories":[3],"tags":[],"class_list":["post-18271","post","type-post","status-publish","format-standard","has-post-thumbnail","hentry","category-victoria"],"_links":{"self":[{"href":"https:\/\/conexiontotal.press\/index.php\/wp-json\/wp\/v2\/posts\/18271","targetHints":{"allow":["GET"]}}],"collection":[{"href":"https:\/\/conexiontotal.press\/index.php\/wp-json\/wp\/v2\/posts"}],"about":[{"href":"https:\/\/conexiontotal.press\/index.php\/wp-json\/wp\/v2\/types\/post"}],"author":[{"embeddable":true,"href":"https:\/\/conexiontotal.press\/index.php\/wp-json\/wp\/v2\/users\/4"}],"replies":[{"embeddable":true,"href":"https:\/\/conexiontotal.press\/index.php\/wp-json\/wp\/v2\/comments?post=18271"}],"version-history":[{"count":1,"href":"https:\/\/conexiontotal.press\/index.php\/wp-json\/wp\/v2\/posts\/18271\/revisions"}],"predecessor-version":[{"id":18273,"href":"https:\/\/conexiontotal.press\/index.php\/wp-json\/wp\/v2\/posts\/18271\/revisions\/18273"}],"wp:featuredmedia":[{"embeddable":true,"href":"https:\/\/conexiontotal.press\/index.php\/wp-json\/wp\/v2\/media\/18272"}],"wp:attachment":[{"href":"https:\/\/conexiontotal.press\/index.php\/wp-json\/wp\/v2\/media?parent=18271"}],"wp:term":[{"taxonomy":"category","embeddable":true,"href":"https:\/\/conexiontotal.press\/index.php\/wp-json\/wp\/v2\/categories?post=18271"},{"taxonomy":"post_tag","embeddable":true,"href":"https:\/\/conexiontotal.press\/index.php\/wp-json\/wp\/v2\/tags?post=18271"}],"curies":[{"name":"wp","href":"https:\/\/api.w.org\/{rel}","templated":true}]}}