{"id":18274,"date":"2024-12-01T18:31:08","date_gmt":"2024-12-02T00:31:08","guid":{"rendered":"https:\/\/conexiontotal.press\/?p=18274"},"modified":"2024-12-02T18:31:15","modified_gmt":"2024-12-03T00:31:15","slug":"aborda-la-uat-transformacion-y-humanismo-de-la-enfermeria-en-el-desarrollo-sustentable","status":"publish","type":"post","link":"https:\/\/conexiontotal.press\/index.php\/2024\/12\/01\/aborda-la-uat-transformacion-y-humanismo-de-la-enfermeria-en-el-desarrollo-sustentable\/","title":{"rendered":"Aborda la UAT transformaci\u00f3n y humanismo de la enfermer\u00eda en el desarrollo sustentable\u00a0"},"content":{"rendered":"<p>El rector de la Universidad Aut\u00f3noma de Tamaulipas (UAT), D\u00e1maso Anaya Alvarado, inaugur\u00f3 la dieciseisava edici\u00f3n del Congreso Internacional de Enfermer\u00eda y el onceavo Foro Regional de Posgrado denominado \u201cTransformaci\u00f3n y Humanismo en Enfermer\u00eda para un Mundo Sostenible\u201d.<\/p>\n<p>En su mensaje, el rector D\u00e1maso Anaya dio la bienvenida a ponentes, investigadores, estudiantes y profesionales que participaron en las jornadas acad\u00e9micas y cient\u00edficas en las cuales se abordaron los retos de la enfermer\u00eda y los objetivos de desarrollo sostenible.<\/p>\n<p>Felicit\u00f3 a la comunidad de la Facultad de Enfermer\u00eda de Tampico (FET) y a su directora, Tranquilina Guti\u00e9rrez G\u00f3mez, por la organizaci\u00f3n de este importante encuentro que muestra el compromiso profesional de generar espacios importantes para el aprendizaje y que adem\u00e1s fortalece los programas de investigaci\u00f3n y posgrado que impulsa la UAT.<\/p>\n<p>Destac\u00f3 la participaci\u00f3n de ponentes de instituciones como la UNAM, la Universidad An\u00e1huac, la Universidad de Sucre, Colombia, y organismos de investigaci\u00f3n como U-Nursing Latinoam\u00e9rica, subrayando la importancia de realizar en estas actividades el intercambio de ideas, la colaboraci\u00f3n y el fortalecimiento de los v\u00ednculos entre instituciones nacionales e internacionales.<\/p>\n<p>Subray\u00f3 que, la Facultad de Enfermer\u00eda Tampico, desde sus inicios ha sido un basti\u00f3n de excelencia formando profesionales competentes y comprometidos con los principios de \u00e9tica y de humanidades, luego de a\u00f1adir que su liderazgo acad\u00e9mico ha sido determinante en la consolidaci\u00f3n de enfermer\u00eda como una disciplina fundamental en el cuidado de la salud.<\/p>\n<p>El rector enfatiz\u00f3 en la formaci\u00f3n humanista de los estudiantes de enfermer\u00eda, y puntualiz\u00f3 su compromiso de fortalecer con este nuevo enfoque educativo a todas las disciplinas que imparte la UAT.<\/p>\n<p>Por su parte, la directora de la Facultad de Enfermer\u00eda Tampico, Tranquilina Guti\u00e9rrez G\u00f3mez, agradeci\u00f3 al rector D\u00e1maso Anaya por el apoyo en la consolidaci\u00f3n de proyectos que fortalecen la calidad acad\u00e9mica de esta instituci\u00f3n.<\/p>\n<p>En el evento el rector entreg\u00f3 reconocimientos a veintitr\u00e9s egresados que recientemente obtuvieron el Premio Ceneval al Desempe\u00f1o de Excelencia-EGEL, as\u00ed como a once docentes pertenecientes al Sistema Nacional de Investigadoras e Investigadores (SNII).<\/p>\n<p>Durante las actividades se abordaron temas tales como: Humanizaci\u00f3n desde la educaci\u00f3n de Enfermer\u00eda, Enfermer\u00eda y los objetivos de desarrollo sostenible, El cuidado integral desde una perspectiva humanista, Competencias de enfermer\u00eda en la salud ambiental y la sustentabilidad, entre otros.<\/p>\n<p>&nbsp;<\/p>\n","protected":false},"excerpt":{"rendered":"<p>El rector de la Universidad Aut\u00f3noma de Tamaulipas (UAT), D\u00e1maso Anaya Alvarado, inaugur\u00f3 la dieciseisava edici\u00f3n del Congreso Internacional de Enfermer\u00eda y el onceavo Foro Regional de Posgrado denominado \u201cTransformaci\u00f3n y Humanismo en Enfermer\u00eda para un Mundo Sostenible\u201d. En su mensaje, el rector D\u00e1maso Anaya dio la bienvenida a ponentes, investigadores, estudiantes y profesionales que [&hellip;]<\/p>\n","protected":false},"author":4,"featured_media":18275,"comment_status":"closed","ping_status":"closed","sticky":false,"template":"","format":"standard","meta":{"footnotes":""},"categories":[4],"tags":[],"class_list":["post-18274","post","type-post","status-publish","format-standard","has-post-thumbnail","hentry","category-tampico"],"_links":{"self":[{"href":"https:\/\/conexiontotal.press\/index.php\/wp-json\/wp\/v2\/posts\/18274","targetHints":{"allow":["GET"]}}],"collection":[{"href":"https:\/\/conexiontotal.press\/index.php\/wp-json\/wp\/v2\/posts"}],"about":[{"href":"https:\/\/conexiontotal.press\/index.php\/wp-json\/wp\/v2\/types\/post"}],"author":[{"embeddable":true,"href":"https:\/\/conexiontotal.press\/index.php\/wp-json\/wp\/v2\/users\/4"}],"replies":[{"embeddable":true,"href":"https:\/\/conexiontotal.press\/index.php\/wp-json\/wp\/v2\/comments?post=18274"}],"version-history":[{"count":1,"href":"https:\/\/conexiontotal.press\/index.php\/wp-json\/wp\/v2\/posts\/18274\/revisions"}],"predecessor-version":[{"id":18276,"href":"https:\/\/conexiontotal.press\/index.php\/wp-json\/wp\/v2\/posts\/18274\/revisions\/18276"}],"wp:featuredmedia":[{"embeddable":true,"href":"https:\/\/conexiontotal.press\/index.php\/wp-json\/wp\/v2\/media\/18275"}],"wp:attachment":[{"href":"https:\/\/conexiontotal.press\/index.php\/wp-json\/wp\/v2\/media?parent=18274"}],"wp:term":[{"taxonomy":"category","embeddable":true,"href":"https:\/\/conexiontotal.press\/index.php\/wp-json\/wp\/v2\/categories?post=18274"},{"taxonomy":"post_tag","embeddable":true,"href":"https:\/\/conexiontotal.press\/index.php\/wp-json\/wp\/v2\/tags?post=18274"}],"curies":[{"name":"wp","href":"https:\/\/api.w.org\/{rel}","templated":true}]}}