{"id":18289,"date":"2024-12-05T17:46:30","date_gmt":"2024-12-05T23:46:30","guid":{"rendered":"https:\/\/conexiontotal.press\/?p=18289"},"modified":"2024-12-05T17:46:30","modified_gmt":"2024-12-05T23:46:30","slug":"realizo-la-uat-con-exito-semana-universitaria-de-los-derechos-humanos","status":"publish","type":"post","link":"https:\/\/conexiontotal.press\/index.php\/2024\/12\/05\/realizo-la-uat-con-exito-semana-universitaria-de-los-derechos-humanos\/","title":{"rendered":"Realiz\u00f3 la UAT con \u00e9xito semana universitaria de los Derechos Humanos\u00a0"},"content":{"rendered":"<p>La Universidad Aut\u00f3noma de Tamaulipas (UAT) llev\u00f3 a cabo la Semana Universitaria de los Derechos Humanos con el fin de fomentar la conciencia y el respeto hacia los derechos fundamentales dentro de la comunidad de esta casa de estudios.<\/p>\n<p>A trav\u00e9s de una serie de actividades organizadas por la Defensor\u00eda de los Derechos Universitarios de la UAT se busc\u00f3 incentivar la creatividad y participaci\u00f3n estudiantil, generar conciencia y reflexi\u00f3n de toda la comunidad universitaria, fortalecer la formaci\u00f3n en prevenci\u00f3n de la violencia e integrar perspectivas globales y acad\u00e9micas.<\/p>\n<p>Entre las actividades realizadas destac\u00f3 la Charla Caf\u00e9, llevada a cabo en la Biblioteca Central del Campus Victoria y en modalidad virtual, con la participaci\u00f3n de ponentes de diferentes organismos internacionales que compartieron sus experiencias en el panel titulado &#8220;Del aula al trabajo, un viaje de crecimiento&#8221;.<\/p>\n<p>La creatividad tambi\u00e9n tuvo su espacio con el Desaf\u00edo Creativo y Derechos Humanos, una actividad dirigida a estudiantes de la Preparatoria Mante de la UAT, quienes dise\u00f1aron carteles con mensajes positivos sobre derechos universitarios en una din\u00e1mica libre y divertida que incentiv\u00f3 la participaci\u00f3n de la juventud.<\/p>\n<p>Por \u00faltimo, se imparti\u00f3 el taller virtual &#8220;Prevenir para convivir sin violencias&#8221;, dirigido por la Lic. Noem\u00ed Monroy Enr\u00edquez, acad\u00e9mica de la UNAM, donde se abordaron temas como la violencia de g\u00e9nero, la justicia restaurativa y estrategias de sensibilizaci\u00f3n.<\/p>\n<p>&nbsp;<\/p>\n","protected":false},"excerpt":{"rendered":"<p>La Universidad Aut\u00f3noma de Tamaulipas (UAT) llev\u00f3 a cabo la Semana Universitaria de los Derechos Humanos con el fin de fomentar la conciencia y el respeto hacia los derechos fundamentales dentro de la comunidad de esta casa de estudios. A trav\u00e9s de una serie de actividades organizadas por la Defensor\u00eda de los Derechos Universitarios de [&hellip;]<\/p>\n","protected":false},"author":4,"featured_media":18290,"comment_status":"closed","ping_status":"closed","sticky":false,"template":"","format":"standard","meta":{"footnotes":""},"categories":[3],"tags":[],"class_list":["post-18289","post","type-post","status-publish","format-standard","has-post-thumbnail","hentry","category-victoria"],"_links":{"self":[{"href":"https:\/\/conexiontotal.press\/index.php\/wp-json\/wp\/v2\/posts\/18289","targetHints":{"allow":["GET"]}}],"collection":[{"href":"https:\/\/conexiontotal.press\/index.php\/wp-json\/wp\/v2\/posts"}],"about":[{"href":"https:\/\/conexiontotal.press\/index.php\/wp-json\/wp\/v2\/types\/post"}],"author":[{"embeddable":true,"href":"https:\/\/conexiontotal.press\/index.php\/wp-json\/wp\/v2\/users\/4"}],"replies":[{"embeddable":true,"href":"https:\/\/conexiontotal.press\/index.php\/wp-json\/wp\/v2\/comments?post=18289"}],"version-history":[{"count":1,"href":"https:\/\/conexiontotal.press\/index.php\/wp-json\/wp\/v2\/posts\/18289\/revisions"}],"predecessor-version":[{"id":18291,"href":"https:\/\/conexiontotal.press\/index.php\/wp-json\/wp\/v2\/posts\/18289\/revisions\/18291"}],"wp:featuredmedia":[{"embeddable":true,"href":"https:\/\/conexiontotal.press\/index.php\/wp-json\/wp\/v2\/media\/18290"}],"wp:attachment":[{"href":"https:\/\/conexiontotal.press\/index.php\/wp-json\/wp\/v2\/media?parent=18289"}],"wp:term":[{"taxonomy":"category","embeddable":true,"href":"https:\/\/conexiontotal.press\/index.php\/wp-json\/wp\/v2\/categories?post=18289"},{"taxonomy":"post_tag","embeddable":true,"href":"https:\/\/conexiontotal.press\/index.php\/wp-json\/wp\/v2\/tags?post=18289"}],"curies":[{"name":"wp","href":"https:\/\/api.w.org\/{rel}","templated":true}]}}