{"id":18299,"date":"2024-12-09T09:26:12","date_gmt":"2024-12-09T15:26:12","guid":{"rendered":"https:\/\/conexiontotal.press\/?p=18299"},"modified":"2024-12-09T09:26:12","modified_gmt":"2024-12-09T15:26:12","slug":"vinculan-a-proceso-a-christian-r-por-delito-de-feminicidio-en-grado-de-tentativa","status":"publish","type":"post","link":"https:\/\/conexiontotal.press\/index.php\/2024\/12\/09\/vinculan-a-proceso-a-christian-r-por-delito-de-feminicidio-en-grado-de-tentativa\/","title":{"rendered":"Vinculan a proceso a Christian \u2018R\u2019 por delito de feminicidio en grado de tentativa"},"content":{"rendered":"<p data-reader-unique-id=\"1\">TAMPICO, TAMAULIPAS.- Tras casi 13 horas de audiencia inicial, la jueza vincul\u00f3 a proceso a Christian \u2018R\u2019 por delito de feminicidio en grado de tentativa, lo confirm\u00f3 a trav\u00e9s de sus redes sociales el abogado Antonio Ju\u00e1rez Navarro.<\/p>\n<p data-reader-unique-id=\"2\">La defensa de Melanie, inform\u00f3 que ya se dict\u00f3 el auto de vinculaci\u00f3n.<\/p>\n<p data-reader-unique-id=\"5\"><i data-reader-unique-id=\"6\">\u00abEstamos en receso, ya se dict\u00f3 el auto de vinculaci\u00f3n por el delito de feminicidio en grado de tentativa en contra de Cristian N\u00bb.<\/i><\/p>\n<p data-reader-unique-id=\"7\">Agreg\u00f3 que, se cerr\u00f3 el debate respecto las medidas cautelares, <i data-reader-unique-id=\"8\">\u00aby en cuanto se reanude se tomar\u00e1 la decisi\u00f3n por parte del juzgado en torno a la medida que habr\u00e1 de prevalecer en contra del agresor de Melanie Barrag\u00e1n\u00bb<\/i>, escribi\u00f3 en sus redes sociales.<\/p>\n<h3 data-reader-unique-id=\"11\">Christian de Jes\u00fas permanecer\u00e1 en la c\u00e1rcel, confirma abogado de Melanie<\/h3>\n<p data-reader-unique-id=\"12\">El abogado de Melanie, Antonio Ju\u00e1rez Navarro, inform\u00f3 que la medida cautelar contra Christian de Jes\u00fas es prisi\u00f3n preventiva justificada por lo que permanecer\u00e1 en la c\u00e1rcel.<\/p>\n<p data-reader-unique-id=\"13\">Asimismo, indic\u00f3 que Melanie no va a hablar por orden de la psic\u00f3loga, \u201cestablece que tiene ansiedad social y derivada de la presi\u00f3n medi\u00e1tica\u201d.<\/p>\n<p data-reader-unique-id=\"14\">Por. Javier Cort\u00e9s<\/p>\n","protected":false},"excerpt":{"rendered":"<p>TAMPICO, TAMAULIPAS.- Tras casi 13 horas de audiencia inicial, la jueza vincul\u00f3 a proceso a Christian \u2018R\u2019 por delito de feminicidio en grado de tentativa, lo confirm\u00f3 a trav\u00e9s de sus redes sociales el abogado Antonio Ju\u00e1rez Navarro. La defensa de Melanie, inform\u00f3 que ya se dict\u00f3 el auto de vinculaci\u00f3n. \u00abEstamos en receso, ya [&hellip;]<\/p>\n","protected":false},"author":4,"featured_media":18300,"comment_status":"closed","ping_status":"closed","sticky":false,"template":"","format":"standard","meta":{"footnotes":""},"categories":[4],"tags":[],"class_list":["post-18299","post","type-post","status-publish","format-standard","has-post-thumbnail","hentry","category-tampico"],"_links":{"self":[{"href":"https:\/\/conexiontotal.press\/index.php\/wp-json\/wp\/v2\/posts\/18299","targetHints":{"allow":["GET"]}}],"collection":[{"href":"https:\/\/conexiontotal.press\/index.php\/wp-json\/wp\/v2\/posts"}],"about":[{"href":"https:\/\/conexiontotal.press\/index.php\/wp-json\/wp\/v2\/types\/post"}],"author":[{"embeddable":true,"href":"https:\/\/conexiontotal.press\/index.php\/wp-json\/wp\/v2\/users\/4"}],"replies":[{"embeddable":true,"href":"https:\/\/conexiontotal.press\/index.php\/wp-json\/wp\/v2\/comments?post=18299"}],"version-history":[{"count":1,"href":"https:\/\/conexiontotal.press\/index.php\/wp-json\/wp\/v2\/posts\/18299\/revisions"}],"predecessor-version":[{"id":18301,"href":"https:\/\/conexiontotal.press\/index.php\/wp-json\/wp\/v2\/posts\/18299\/revisions\/18301"}],"wp:featuredmedia":[{"embeddable":true,"href":"https:\/\/conexiontotal.press\/index.php\/wp-json\/wp\/v2\/media\/18300"}],"wp:attachment":[{"href":"https:\/\/conexiontotal.press\/index.php\/wp-json\/wp\/v2\/media?parent=18299"}],"wp:term":[{"taxonomy":"category","embeddable":true,"href":"https:\/\/conexiontotal.press\/index.php\/wp-json\/wp\/v2\/categories?post=18299"},{"taxonomy":"post_tag","embeddable":true,"href":"https:\/\/conexiontotal.press\/index.php\/wp-json\/wp\/v2\/tags?post=18299"}],"curies":[{"name":"wp","href":"https:\/\/api.w.org\/{rel}","templated":true}]}}