{"id":18302,"date":"2024-12-09T10:17:44","date_gmt":"2024-12-09T16:17:44","guid":{"rendered":"https:\/\/conexiontotal.press\/?p=18302"},"modified":"2024-12-09T10:17:44","modified_gmt":"2024-12-09T16:17:44","slug":"melanie-de-frente-contra-su-agresor","status":"publish","type":"post","link":"https:\/\/conexiontotal.press\/index.php\/2024\/12\/09\/melanie-de-frente-contra-su-agresor\/","title":{"rendered":"Melanie, de frente contra su agresor"},"content":{"rendered":"<p data-reader-unique-id=\"1\">ALTAMIRA, TAMAULIPAS.- La audiencia inicial arranc\u00f3 a las 11:00 de la ma\u00f1ana en el Centro Integral de Justicia de Altamira, en donde estuvo Christian de Jes\u00fas \u2018 R \u2018 y Melanie, en compa\u00f1\u00eda de sus respectivos representantes jur\u00eddicos.<\/p>\n<p data-reader-unique-id=\"2\">Todo marchaba bien hasta que el reloj marc\u00f3 12:30, inici\u00f3 el primer receso debido a que ocurri\u00f3 un corte de energ\u00eda de el\u00e9ctrica.<\/p>\n<p data-reader-unique-id=\"5\">Esta situaci\u00f3n atras\u00f3 el proceso, de acuerdo a los abogados de las dos partes, tuvieron que volver a empezar.<\/p>\n<p data-reader-unique-id=\"6\">La segunda pausa lleg\u00f3 a las 3:40 de la tarde; el tercer receso se llev\u00f3 a cabo al interior de la sala.<\/p>\n<p data-reader-unique-id=\"10\">Hasta las 6:20 de la tarde dieron un receso de 2 horas, las autoridades iban a revisar las grabaciones de la audiencia; durante este tiempo los abogados salieron a cenar.<\/p>\n<p data-reader-unique-id=\"11\">Sin embargo, hasta las 21:15 horas reanudaron, es decir, fue un receso de tres horas para dar continuidad al proceso.<\/p>\n<h3 data-reader-unique-id=\"12\">TRAS 38 D\u00cdAS, MELANIE VE DE FRENTE A SU AGRESOR<\/h3>\n<p data-reader-unique-id=\"13\">Durante la ma\u00f1ana del domingo 8 de diciembre, Christian de Jes\u00fas \u2018R\u2019 y Melanie se observaron cara a cara en la audiencia inicial del proceso jur\u00eddico por el delito de feminicidio en grado de tentativa en las instalaciones del Centro Integral de Justicia Altamira.<\/p>\n<p data-reader-unique-id=\"14\">Luego de 38 d\u00edas de que ocurri\u00f3 la agresi\u00f3n en el municipio de Ciudad Madero, el detenido y la afectada se vuelven a reunir bajo circunstancias diferentes.<\/p>\n<p data-reader-unique-id=\"15\">Christian de Jes\u00fas, lleg\u00f3 al Centro Integral de Justicia Altamira a las 9:51 de la ma\u00f1ana en un fuerte dispositivo de seguridad.<\/p>\n<p data-reader-unique-id=\"16\">Tres camionetas tipo pick-up y 9 elementos de la Fiscal\u00eda General de Justicia del Estado de Tamaulipas, lo resguardaban.<\/p>\n<p data-reader-unique-id=\"17\">Con esposas en mano descendi\u00f3 de la camioneta para ingresar a las instalaciones de justicia.<\/p>\n<p data-reader-unique-id=\"18\">Durante su trayecto, fue cuestionado por qu\u00e9 hab\u00eda golpeado a su novia, sin embargo, no declar\u00f3 nada y sigui\u00f3 su camino.<\/p>\n<p data-reader-unique-id=\"19\">Fue durante la noche del s\u00e1bado 7 en diciembre cuando fuentes internas de la Fiscal\u00eda General de Justicia de Tamaulipas confirmaron su llegada, sin especificar d\u00f3nde pasar\u00eda la noche.<\/p>\n<p data-reader-unique-id=\"20\">Esta informaci\u00f3n fue reservada por la autoridad debido a que cuidaron la integridad del acusado.<\/p>\n<p data-reader-unique-id=\"21\">En punto de las 11:00 de la ma\u00f1ana comenz\u00f3 primera audiencia en donde se le acusa de feminicidio en grado de tentativa, tras los hechos ocurridos el pasado 31 de octubre.<\/p>\n<p data-reader-unique-id=\"22\">El acusado presuntamente es responsable de propinar una golpiza<span data-reader-unique-id=\"23\">\u00a0 <\/span>a la joven Melanie, cuando se encontraban en una fiesta en Ciudad Madero.<\/p>\n<h3 data-reader-unique-id=\"24\">MELANIE LLEGA EN COMPA\u00d1\u00cdA DE SUS ABOGADOS<\/h3>\n<p data-reader-unique-id=\"25\">Melanie descendi\u00f3 de una camioneta blanca en compa\u00f1\u00eda de su abogado Antonio Ju\u00e1rez Navarro; la joven fue abordada por dos elementos de la Fiscal\u00eda General de Justicia del Estado de Tamaulipas para ingresar al Centro Integral de Justicia.<\/p>\n<p data-reader-unique-id=\"26\">Su abogado anunci\u00f3 el pasado s\u00e1bado 7 de diciembre que la v\u00edctima quer\u00eda estar presente en la audiencia.<\/p>\n<p data-reader-unique-id=\"27\"><em data-reader-unique-id=\"28\">\u00abLe preguntaba, si ella deseaba estar reservada mientras se dirim\u00eda la audiencia y ella me coment\u00f3 que no. Que se sent\u00eda tranquila, segura de poder salir a la calle porque Christian ya est\u00e1 detenido\u2026 Me siento bien, quiero estar ah\u00ed\u00bb.<\/em><\/p>\n<p data-reader-unique-id=\"29\">La estudiante de la Universidad Aut\u00f3noma de Tamaulipas tra\u00eda un vendaje el\u00e1stico y una f\u00e9rula nasal. Tambi\u00e9n omiti\u00f3 hablar con la prensa.<\/p>\n<p data-reader-unique-id=\"30\">Ante esto el licenciado manifest\u00f3 que,<em data-reader-unique-id=\"31\"> \u201cfueron dos cirug\u00edas oculares y nasales, ambas particularmente cada una y tiene otras lesiones que no puedo comentar porque son datos que integran la carpeta de investigaci\u00f3n\u201d<\/em>.<\/p>\n<p data-reader-unique-id=\"32\">Lo que llam\u00f3 la atenci\u00f3n fue, que ning\u00fan familiar de las dos partes acudi\u00f3 a la audiencia.<\/p>\n<h3 data-reader-unique-id=\"33\">\u00abMI CORAZ\u00d3N PUEDE PERDONAR PERO LA PARTE LEGAL NO\u2019: ABOGADO DE MELANIE<\/h3>\n<p data-reader-unique-id=\"34\">El abogado de Melanie, Antonio Ju\u00e1rez Navarro indic\u00f3 que su clienta no dar\u00e1 ning\u00fan perd\u00f3n a Christian de Jes\u00fas \u2018R\u2019, acusado de delito de feminicidio en grado de tentativa.<\/p>\n<p data-reader-unique-id=\"35\">Una vez que arribaron al Centro Integral de Justicia Altamira, el abogado dio a conocer que Melanie se apega a la justicia.<\/p>\n<p data-reader-unique-id=\"36\"><em data-reader-unique-id=\"37\">\u201cJustamente ayer me platicaba Melanie eso de que ser\u00eda estaba diciendo, ella comenta \u2018mi coraz\u00f3n puede perdonar pero la parte legal no lo har\u00e9 porque estoy completamente determinada a que se siga hasta el fondo\u201d.<\/em><\/p>\n<p data-reader-unique-id=\"38\">Esto descarta todas las versiones que se daban a conocer en redes sociales, luego de la captura de Christian de Jes\u00fas.<\/p>\n<h3 data-reader-unique-id=\"39\">\u00abPENSAMOS QUE NO SE DA LA TENTATIVA DE FEMINICIDIO\u201d: ABOGADO DE CRISTIAN<\/h3>\n<p data-reader-unique-id=\"40\">Carlos Betancourt, abogado de Christian de Jes\u00fas <em data-reader-unique-id=\"41\">\u00abR\u00bb<\/em> coment\u00f3 que en el Centro Integral de Justicia Altamira se fue la luz durante 20 minutos por lo que se fueron a receso.<\/p>\n<p data-reader-unique-id=\"42\">En ese lapso, atendi\u00f3 a los medios de comunicaci\u00f3n y mencion\u00f3 que para la defensa no debe considerarse como delito en tentativa de feminicidio.<\/p>\n<p data-reader-unique-id=\"43\">Sin embargo, conf\u00eda en la justicia de Tamaulipas y enfrentar\u00e1n la audiencia inicial del proceso jur\u00eddico.<\/p>\n<p data-reader-unique-id=\"44\"><em data-reader-unique-id=\"45\">\u00abNosotros como defensa pensamos que no se da la tentativa de feminicidio, estamos en espera de c\u00f3mo se resuelve\u00bb.<\/em><\/p>\n<p data-reader-unique-id=\"46\">Por. Javier Cort\u00e9s<\/p>\n<p data-reader-unique-id=\"47\">Expreso-La Raz\u00f3n<\/p>\n","protected":false},"excerpt":{"rendered":"<p>ALTAMIRA, TAMAULIPAS.- La audiencia inicial arranc\u00f3 a las 11:00 de la ma\u00f1ana en el Centro Integral de Justicia de Altamira, en donde estuvo Christian de Jes\u00fas \u2018 R \u2018 y Melanie, en compa\u00f1\u00eda de sus respectivos representantes jur\u00eddicos. Todo marchaba bien hasta que el reloj marc\u00f3 12:30, inici\u00f3 el primer receso debido a que ocurri\u00f3 [&hellip;]<\/p>\n","protected":false},"author":4,"featured_media":18303,"comment_status":"closed","ping_status":"closed","sticky":false,"template":"","format":"standard","meta":{"footnotes":""},"categories":[4],"tags":[],"class_list":["post-18302","post","type-post","status-publish","format-standard","has-post-thumbnail","hentry","category-tampico"],"_links":{"self":[{"href":"https:\/\/conexiontotal.press\/index.php\/wp-json\/wp\/v2\/posts\/18302","targetHints":{"allow":["GET"]}}],"collection":[{"href":"https:\/\/conexiontotal.press\/index.php\/wp-json\/wp\/v2\/posts"}],"about":[{"href":"https:\/\/conexiontotal.press\/index.php\/wp-json\/wp\/v2\/types\/post"}],"author":[{"embeddable":true,"href":"https:\/\/conexiontotal.press\/index.php\/wp-json\/wp\/v2\/users\/4"}],"replies":[{"embeddable":true,"href":"https:\/\/conexiontotal.press\/index.php\/wp-json\/wp\/v2\/comments?post=18302"}],"version-history":[{"count":1,"href":"https:\/\/conexiontotal.press\/index.php\/wp-json\/wp\/v2\/posts\/18302\/revisions"}],"predecessor-version":[{"id":18304,"href":"https:\/\/conexiontotal.press\/index.php\/wp-json\/wp\/v2\/posts\/18302\/revisions\/18304"}],"wp:featuredmedia":[{"embeddable":true,"href":"https:\/\/conexiontotal.press\/index.php\/wp-json\/wp\/v2\/media\/18303"}],"wp:attachment":[{"href":"https:\/\/conexiontotal.press\/index.php\/wp-json\/wp\/v2\/media?parent=18302"}],"wp:term":[{"taxonomy":"category","embeddable":true,"href":"https:\/\/conexiontotal.press\/index.php\/wp-json\/wp\/v2\/categories?post=18302"},{"taxonomy":"post_tag","embeddable":true,"href":"https:\/\/conexiontotal.press\/index.php\/wp-json\/wp\/v2\/tags?post=18302"}],"curies":[{"name":"wp","href":"https:\/\/api.w.org\/{rel}","templated":true}]}}