{"id":18308,"date":"2024-12-07T10:29:53","date_gmt":"2024-12-07T16:29:53","guid":{"rendered":"https:\/\/conexiontotal.press\/?p=18308"},"modified":"2024-12-09T10:30:43","modified_gmt":"2024-12-09T16:30:43","slug":"mujeres-no-estan-solas-americo","status":"publish","type":"post","link":"https:\/\/conexiontotal.press\/index.php\/2024\/12\/07\/mujeres-no-estan-solas-americo\/","title":{"rendered":"Mujeres no est\u00e1n solas: Am\u00e9rico"},"content":{"rendered":"<p data-reader-unique-id=\"1\">CIUDAD VICTORIA, TAMAULIPAS.- El Gobernador Am\u00e9rico Villarreal Anaya tambi\u00e9n confirm\u00f3 la detenci\u00f3n del responsable de la agresi\u00f3n a la joven estudiante de Enfermer\u00eda, reprobando la violencia en contra de las mujeres.<\/p>\n<p data-reader-unique-id=\"2\"><em data-reader-unique-id=\"3\">\u201cHoy confirmamos la detenci\u00f3n de Christian de Jes\u00fas, responsable de agredir a Melanie en Madero, Tamaulipas.<br data-reader-unique-id=\"4\" \/>Este resultado es fruto del trabajo coordinado entre la Fiscal\u00eda de Nuevo Le\u00f3n y la Fiscal\u00eda de Tamaulipas. En Tamaulipas, reprobamos rotundamente la violencia hacia las mujeres\u201d.<\/em><\/p>\n<p data-reader-unique-id=\"7\">El mandatario estatal se\u00f1al\u00f3 que su administraci\u00f3n continuar\u00e1 trabajando para garantizar la seguridad de las mujeres.<\/p>\n<p data-reader-unique-id=\"8\"><em data-reader-unique-id=\"9\">\u201cMi compromiso es claro: seguiremos fortaleciendo acciones para garantizar el respeto, la seguridad, la justicia y el respaldo que todas las mujeres de nuestro estado y del pa\u00eds merecen. NO EST\u00c1N SOLAS\u201d.<\/em><\/p>\n<p data-reader-unique-id=\"13\">POR STAFF<\/p>\n<p><iframe loading=\"lazy\" style=\"border: none; overflow: hidden;\" src=\"https:\/\/www.facebook.com\/plugins\/post.php?href=https%3A%2F%2Fwww.facebook.com%2Fdr.americovillarreal%2Fposts%2Fpfbid02j7rA6mU9Mt3o2QoZ2duwQY83C8GYqE5LftfXgYvh6LsPe55xFixSmyRJzBF3gB3Pl&amp;show_text=true&amp;width=500\" width=\"500\" height=\"250\" frameborder=\"0\" scrolling=\"no\" allowfullscreen=\"allowfullscreen\"><\/iframe><\/p>\n","protected":false},"excerpt":{"rendered":"<p>CIUDAD VICTORIA, TAMAULIPAS.- El Gobernador Am\u00e9rico Villarreal Anaya tambi\u00e9n confirm\u00f3 la detenci\u00f3n del responsable de la agresi\u00f3n a la joven estudiante de Enfermer\u00eda, reprobando la violencia en contra de las mujeres. \u201cHoy confirmamos la detenci\u00f3n de Christian de Jes\u00fas, responsable de agredir a Melanie en Madero, Tamaulipas.Este resultado es fruto del trabajo coordinado entre la [&hellip;]<\/p>\n","protected":false},"author":4,"featured_media":0,"comment_status":"closed","ping_status":"closed","sticky":false,"template":"","format":"standard","meta":{"footnotes":""},"categories":[3],"tags":[],"class_list":["post-18308","post","type-post","status-publish","format-standard","hentry","category-victoria"],"_links":{"self":[{"href":"https:\/\/conexiontotal.press\/index.php\/wp-json\/wp\/v2\/posts\/18308","targetHints":{"allow":["GET"]}}],"collection":[{"href":"https:\/\/conexiontotal.press\/index.php\/wp-json\/wp\/v2\/posts"}],"about":[{"href":"https:\/\/conexiontotal.press\/index.php\/wp-json\/wp\/v2\/types\/post"}],"author":[{"embeddable":true,"href":"https:\/\/conexiontotal.press\/index.php\/wp-json\/wp\/v2\/users\/4"}],"replies":[{"embeddable":true,"href":"https:\/\/conexiontotal.press\/index.php\/wp-json\/wp\/v2\/comments?post=18308"}],"version-history":[{"count":1,"href":"https:\/\/conexiontotal.press\/index.php\/wp-json\/wp\/v2\/posts\/18308\/revisions"}],"predecessor-version":[{"id":18309,"href":"https:\/\/conexiontotal.press\/index.php\/wp-json\/wp\/v2\/posts\/18308\/revisions\/18309"}],"wp:attachment":[{"href":"https:\/\/conexiontotal.press\/index.php\/wp-json\/wp\/v2\/media?parent=18308"}],"wp:term":[{"taxonomy":"category","embeddable":true,"href":"https:\/\/conexiontotal.press\/index.php\/wp-json\/wp\/v2\/categories?post=18308"},{"taxonomy":"post_tag","embeddable":true,"href":"https:\/\/conexiontotal.press\/index.php\/wp-json\/wp\/v2\/tags?post=18308"}],"curies":[{"name":"wp","href":"https:\/\/api.w.org\/{rel}","templated":true}]}}