{"id":18316,"date":"2024-12-07T10:41:15","date_gmt":"2024-12-07T16:41:15","guid":{"rendered":"https:\/\/conexiontotal.press\/?p=18316"},"modified":"2024-12-09T10:41:20","modified_gmt":"2024-12-09T16:41:20","slug":"joe-biden-agradece-a-claudia-sheinbaum-por-la-incautacion-de-mas-de-una-tonelada-de-fentanilo","status":"publish","type":"post","link":"https:\/\/conexiontotal.press\/index.php\/2024\/12\/07\/joe-biden-agradece-a-claudia-sheinbaum-por-la-incautacion-de-mas-de-una-tonelada-de-fentanilo\/","title":{"rendered":"Joe Biden agradece a Claudia Sheinbaum por la incautaci\u00f3n de m\u00e1s de una tonelada de fentanilo"},"content":{"rendered":"<p data-reader-unique-id=\"1\">ESTADOS UNIDOS.- <b data-reader-unique-id=\"2\">Joe Biden, presidente de Estados Unidos<\/b>, agradeci\u00f3 a la presidenta<b data-reader-unique-id=\"3\">\u00a0Claudia Sheinbaum<\/b>\u00a0por atender la crisis de\u00a0<b data-reader-unique-id=\"4\">fentanilo<\/b>.<\/p>\n<p data-reader-unique-id=\"5\">El presidente de Estados Unidos reconoci\u00f3 el\u00a0<b data-reader-unique-id=\"6\">liderazgo y colaboraci\u00f3n de Claudia Sheinbaum<\/b>\u00a0por la incautaci\u00f3n de m\u00e1s de una tonelada de\u00a0<b data-reader-unique-id=\"7\">fentanilo<\/b>.<\/p>\n<p data-reader-unique-id=\"11\">El pasado mi\u00e9rcoles\u00a04 de diciembre,\u00a0<b data-reader-unique-id=\"12\">Omar Garc\u00eda Harfuch\u00a0<\/b>inform\u00f3 sobre \u201cel decomiso hist\u00f3rico m\u00e1s grande de\u00a0<b data-reader-unique-id=\"13\">fentanilo<\/b>\u201d en M\u00e9xico.<\/p>\n<figure data-reader-unique-id=\"14\"><img loading=\"lazy\" decoding=\"async\" class=\"\" src=\"https:\/\/www.sdpnoticias.com\/resizer\/v2\/YNDPI2F65ZDFLAK3DVRDIS3XKI.jfif?smart=true&amp;auth=9c19947a4d02d5652c3d7c0e816716404c514ce00bf52f3014ada6c43e6584b6&amp;width=1125&amp;height=750\" srcset=\"https:\/\/www.sdpnoticias.com\/resizer\/v2\/YNDPI2F65ZDFLAK3DVRDIS3XKI.jfif?smart=true&amp;auth=9c19947a4d02d5652c3d7c0e816716404c514ce00bf52f3014ada6c43e6584b6&amp;width=440&amp;height=293 440w, https:\/\/www.sdpnoticias.com\/resizer\/v2\/YNDPI2F65ZDFLAK3DVRDIS3XKI.jfif?smart=true&amp;auth=9c19947a4d02d5652c3d7c0e816716404c514ce00bf52f3014ada6c43e6584b6&amp;width=640&amp;height=426 640w\" alt=\"Joe Biden, presidente de los Estados Unidos\" width=\"1125\" height=\"750\" data-chromatic=\"ignore\" data-reader-unique-id=\"15\" \/><figcaption data-reader-unique-id=\"16\">\n<p data-reader-unique-id=\"17\"><strong data-reader-unique-id=\"18\">Joe Biden, presidente de los Estados Unidos\u00a0<\/strong>(Especial)<\/p>\n<\/figcaption><\/figure>\n<h2 data-reader-unique-id=\"19\">Joe Biden ve liderazgo de Claudia Sheinbaum en atender la crisis de fentanilo<\/h2>\n<p data-reader-unique-id=\"20\"><b data-reader-unique-id=\"21\">Joe Biden agradeci\u00f3 a Claudia Sheinbaum\u00a0<\/b>por la incautaci\u00f3n de m\u00e1s de 20 millones de dosis de\u00a0<b data-reader-unique-id=\"22\">fentanilo<\/b>, \u201csuficientes para matar al 15% de todos los estadounidenses\u201d, seg\u00fan el mandatario.<\/p>\n<p data-reader-unique-id=\"25\">A trav\u00e9s de un comunicado,\u00a0<b data-reader-unique-id=\"26\">Joe Biden\u00a0<\/b>destac\u00f3 la colaboraci\u00f3n entre Estados Unidos y M\u00e9xico para combatir el tr\u00e1fico de drogas.<\/p>\n<p data-reader-unique-id=\"27\">\u201cQuiero\u00a0<b data-reader-unique-id=\"28\">agradecer a la presidenta Sheinbaum por su liderazgo y colaboraci\u00f3n<\/b>, y a los numerosos militares y polic\u00edas de ambos lados de la frontera que hicieron esto posible\u201d, dijo el\u00a0<b data-reader-unique-id=\"29\">presidente de Estados Unidos.<\/b><\/p>\n<figure data-reader-unique-id=\"31\"><img loading=\"lazy\" decoding=\"async\" class=\"\" src=\"https:\/\/www.sdpnoticias.com\/resizer\/v2\/LTPMGFFKOFFGXCFWNMZUN2YTJI.jpeg?smart=true&amp;auth=100c850fcd4fe2192404833af45ca2121a71497f4f604a06cb63a8fe72426a5b&amp;width=2048&amp;height=1638\" srcset=\"https:\/\/www.sdpnoticias.com\/resizer\/v2\/LTPMGFFKOFFGXCFWNMZUN2YTJI.jpeg?smart=true&amp;auth=100c850fcd4fe2192404833af45ca2121a71497f4f604a06cb63a8fe72426a5b&amp;width=440&amp;height=351 440w, https:\/\/www.sdpnoticias.com\/resizer\/v2\/LTPMGFFKOFFGXCFWNMZUN2YTJI.jpeg?smart=true&amp;auth=100c850fcd4fe2192404833af45ca2121a71497f4f604a06cb63a8fe72426a5b&amp;width=640&amp;height=511 640w\" alt=\"Claudia Sheinbaum se re\u00fane con Joe Biden en el G20\" width=\"2048\" height=\"1638\" data-chromatic=\"ignore\" data-reader-unique-id=\"32\" \/><figcaption data-reader-unique-id=\"33\">\n<p data-reader-unique-id=\"34\"><strong data-reader-unique-id=\"35\">Claudia Sheinbaum y Joe Biden en el G20\u00a0<\/strong>(@Claudiashein\/X)<\/p>\n<\/figcaption><\/figure>\n<h2 data-reader-unique-id=\"39\">Joe Biden asegura que en su administraci\u00f3n se incaut\u00f3 m\u00e1s fentanilo<\/h2>\n<p data-reader-unique-id=\"40\">Asimismo, el\u00a0<b data-reader-unique-id=\"41\">presidente de Estados Unidos<\/b>\u00a0asegur\u00f3 que en los \u00faltimos dos a\u00f1os de su administraci\u00f3n<b data-reader-unique-id=\"42\">\u00a0se ha inculcado m\u00e1s fentanilo<\/b>\u00a0que en los cinco a\u00f1os anteriores y se han detenido a importantes jefes de c\u00e1rteles de droga.<\/p>\n<p data-reader-unique-id=\"43\">\u201cDurante mi administraci\u00f3n,\u00a0<b data-reader-unique-id=\"44\">hemos incautado m\u00e1s fentanilo\u00a0<\/b>en nuestra frontera en los \u00faltimos dos a\u00f1os que en los cinco a\u00f1os anteriores juntos. Hemos puesto a docenas de importantes<b data-reader-unique-id=\"45\">\u00a0l\u00edderes de los c\u00e1rteles y lavadores de dinero tras las rejas<\/b>\u201d, destac\u00f3 el presidente estadounidense.<\/p>\n<p data-reader-unique-id=\"46\">De acuerdo con la informaci\u00f3n brindada por<b data-reader-unique-id=\"47\">\u00a0Joe Biden<\/b>, las muertes por\u00a0<b data-reader-unique-id=\"48\">sobredosis en Estados Unidos han disminuido m\u00e1s del 14%<\/b>\u00a0en el \u00faltimo a\u00f1o, lo que representa la mayor disminuci\u00f3n registrada hasta la fecha.<\/p>\n<p data-reader-unique-id=\"49\"><b data-reader-unique-id=\"50\">Joe Biden, presidente de Estados Unidos<\/b>, reiter\u00f3 su compromiso por la<b data-reader-unique-id=\"51\">\u00a0lucha contra las drogas,<\/b>\u00a0en especial los\u00a0<b data-reader-unique-id=\"52\">opi\u00e1ceos<\/b>, y subray\u00f3 que tanto M\u00e9xico como sus socios internacionales continuar\u00e1n trabajando por esta lucha.<\/p>\n<p data-reader-unique-id=\"53\">\u201cYa es suficiente\u201d, concluy\u00f3<b data-reader-unique-id=\"54\">\u00a0Joe Biden<\/b>.<\/p>\n<p data-reader-unique-id=\"55\">CON INFORMACI\u00d3N DE SDP NOTICIAS<\/p>\n","protected":false},"excerpt":{"rendered":"<p>ESTADOS UNIDOS.- Joe Biden, presidente de Estados Unidos, agradeci\u00f3 a la presidenta\u00a0Claudia Sheinbaum\u00a0por atender la crisis de\u00a0fentanilo. El presidente de Estados Unidos reconoci\u00f3 el\u00a0liderazgo y colaboraci\u00f3n de Claudia Sheinbaum\u00a0por la incautaci\u00f3n de m\u00e1s de una tonelada de\u00a0fentanilo. El pasado mi\u00e9rcoles\u00a04 de diciembre,\u00a0Omar Garc\u00eda Harfuch\u00a0inform\u00f3 sobre \u201cel decomiso hist\u00f3rico m\u00e1s grande de\u00a0fentanilo\u201d en M\u00e9xico. Joe Biden, [&hellip;]<\/p>\n","protected":false},"author":4,"featured_media":18317,"comment_status":"closed","ping_status":"closed","sticky":false,"template":"","format":"standard","meta":{"footnotes":""},"categories":[14],"tags":[],"class_list":["post-18316","post","type-post","status-publish","format-standard","has-post-thumbnail","hentry","category-mundo"],"_links":{"self":[{"href":"https:\/\/conexiontotal.press\/index.php\/wp-json\/wp\/v2\/posts\/18316","targetHints":{"allow":["GET"]}}],"collection":[{"href":"https:\/\/conexiontotal.press\/index.php\/wp-json\/wp\/v2\/posts"}],"about":[{"href":"https:\/\/conexiontotal.press\/index.php\/wp-json\/wp\/v2\/types\/post"}],"author":[{"embeddable":true,"href":"https:\/\/conexiontotal.press\/index.php\/wp-json\/wp\/v2\/users\/4"}],"replies":[{"embeddable":true,"href":"https:\/\/conexiontotal.press\/index.php\/wp-json\/wp\/v2\/comments?post=18316"}],"version-history":[{"count":1,"href":"https:\/\/conexiontotal.press\/index.php\/wp-json\/wp\/v2\/posts\/18316\/revisions"}],"predecessor-version":[{"id":18318,"href":"https:\/\/conexiontotal.press\/index.php\/wp-json\/wp\/v2\/posts\/18316\/revisions\/18318"}],"wp:featuredmedia":[{"embeddable":true,"href":"https:\/\/conexiontotal.press\/index.php\/wp-json\/wp\/v2\/media\/18317"}],"wp:attachment":[{"href":"https:\/\/conexiontotal.press\/index.php\/wp-json\/wp\/v2\/media?parent=18316"}],"wp:term":[{"taxonomy":"category","embeddable":true,"href":"https:\/\/conexiontotal.press\/index.php\/wp-json\/wp\/v2\/categories?post=18316"},{"taxonomy":"post_tag","embeddable":true,"href":"https:\/\/conexiontotal.press\/index.php\/wp-json\/wp\/v2\/tags?post=18316"}],"curies":[{"name":"wp","href":"https:\/\/api.w.org\/{rel}","templated":true}]}}