{"id":18343,"date":"2024-12-09T18:10:52","date_gmt":"2024-12-10T00:10:52","guid":{"rendered":"https:\/\/conexiontotal.press\/?p=18343"},"modified":"2024-12-10T18:10:57","modified_gmt":"2024-12-11T00:10:57","slug":"la-uat-atiende-prioridades-con-transparencia-y-uso-eficiente-de-los-recursos-rector","status":"publish","type":"post","link":"https:\/\/conexiontotal.press\/index.php\/2024\/12\/09\/la-uat-atiende-prioridades-con-transparencia-y-uso-eficiente-de-los-recursos-rector\/","title":{"rendered":"La UAT atiende prioridades con transparencia y uso eficiente de los recursos: Rector\u00a0"},"content":{"rendered":"<p>El manejo eficiente y transparente de los recursos permiten a la Universidad Aut\u00f3noma de Tamaulipas (UAT) destinar mayores apoyos a la comunidad estudiantil y docente, adem\u00e1s de impulsar un plan de infraestructura f\u00edsica educativa para atender las necesidades de todas las dependencias acad\u00e9micas de la m\u00e1xima casa de estudios del estado.<\/p>\n<p>El rector, D\u00e1maso Anaya Alvarado, destac\u00f3 que desde el inicio de su gesti\u00f3n se ha planteado optimizar el ejercicio presupuestal en rubros fundamentales para el crecimiento acad\u00e9mico y el beneficio directo de los estudiantes.<\/p>\n<p>Puntualiz\u00f3 que, por primera vez, y en un hecho hist\u00f3rico para la Universidad, se hizo la entrega gratuita de m\u00e1s de cinco mil equipos de c\u00f3mputo a estudiantes y docentes, de los cuales 2 445 se destinaron a estudiantes de bachillerato, licenciatura y programas t\u00e9cnicos; y 2 645 a docentes.<\/p>\n<p>Agreg\u00f3 que este apoyo incluy\u00f3 a estudiantes con alto promedio y j\u00f3venes en condiciones econ\u00f3micas vulnerables, as\u00ed como a los alumnos de la generaci\u00f3n pionera de la nueva Preparatoria UAT Nuevo Laredo.<\/p>\n<p>Refiri\u00f3 tambi\u00e9n el crecimiento en el n\u00famero de becas de excelencia, desempe\u00f1o acad\u00e9mico y de exenci\u00f3n de pagos de colegiatura; y, de igual manera con el apoyo del\u00a0\u00a0\u00a0\u00a0\u00a0\u00a0\u00a0\u00a0\u00a0\u00a0\u00a0\u00a0\u00a0\u00a0\u00a0\u00a0 Gobierno de Tamaulipas, el cual aument\u00f3 a poco m\u00e1s de nueve mil estudiantes beneficiados por el ITABEC.<\/p>\n<p>En este rengl\u00f3n, ha sido esencial sumar los apoyos a estudiantes con discapacidad; adem\u00e1s de incrementar los programas de movilidad acad\u00e9mica nacional y en el extranjero. Esto responde a las pol\u00edticas de impulsar una educaci\u00f3n inclusiva, equitativa y con un profundo sentido humanista.<\/p>\n<p>A\u00f1adi\u00f3 que la optimizaci\u00f3n del gasto ha sido fundamental para cerrar este a\u00f1o con alrededor de 55 nuevas obras que est\u00e1n en proceso, con un promedio de dos obras en cada una de las 26 dependencias acad\u00e9micas de la UAT.<\/p>\n<p>En infraestructura f\u00edsica, equipamiento educativo y tecnol\u00f3gico, se destacan, entre otras obras, la construcci\u00f3n de nuevas aulas y remodelaci\u00f3n del rastro en la Facultad de Veterinaria; la construcci\u00f3n de aulas, remodelaci\u00f3n del edificio de posgrado y fachada en la Facultad de Derecho Victoria; y una techumbre en cancha deportiva de las facultades de Ingenier\u00eda y de Enfermer\u00eda en Victoria.<\/p>\n<p>En la Zona Norte: la remodelaci\u00f3n del centro estudiantil y modernizaci\u00f3n de laboratorio de inform\u00e1tica en la Unidad Acad\u00e9mica Multidisciplinaria Reynosa Rodhe; y en Tampico: los laboratorios de Odontolog\u00eda, aulas de Enfermer\u00eda, una cancha techada en la Facultad de M\u00fasica, el equipamiento de laboratorios y cl\u00ednicas de Medicina, adem\u00e1s de la remodelaci\u00f3n de laboratorios de comunicaci\u00f3n en la Facultad de Derecho y Ciencias Sociales.<\/p>\n<p>&nbsp;<\/p>\n","protected":false},"excerpt":{"rendered":"<p>El manejo eficiente y transparente de los recursos permiten a la Universidad Aut\u00f3noma de Tamaulipas (UAT) destinar mayores apoyos a la comunidad estudiantil y docente, adem\u00e1s de impulsar un plan de infraestructura f\u00edsica educativa para atender las necesidades de todas las dependencias acad\u00e9micas de la m\u00e1xima casa de estudios del estado. El rector, D\u00e1maso Anaya [&hellip;]<\/p>\n","protected":false},"author":4,"featured_media":18344,"comment_status":"closed","ping_status":"closed","sticky":false,"template":"","format":"standard","meta":{"footnotes":""},"categories":[3],"tags":[],"class_list":["post-18343","post","type-post","status-publish","format-standard","has-post-thumbnail","hentry","category-victoria"],"_links":{"self":[{"href":"https:\/\/conexiontotal.press\/index.php\/wp-json\/wp\/v2\/posts\/18343","targetHints":{"allow":["GET"]}}],"collection":[{"href":"https:\/\/conexiontotal.press\/index.php\/wp-json\/wp\/v2\/posts"}],"about":[{"href":"https:\/\/conexiontotal.press\/index.php\/wp-json\/wp\/v2\/types\/post"}],"author":[{"embeddable":true,"href":"https:\/\/conexiontotal.press\/index.php\/wp-json\/wp\/v2\/users\/4"}],"replies":[{"embeddable":true,"href":"https:\/\/conexiontotal.press\/index.php\/wp-json\/wp\/v2\/comments?post=18343"}],"version-history":[{"count":1,"href":"https:\/\/conexiontotal.press\/index.php\/wp-json\/wp\/v2\/posts\/18343\/revisions"}],"predecessor-version":[{"id":18345,"href":"https:\/\/conexiontotal.press\/index.php\/wp-json\/wp\/v2\/posts\/18343\/revisions\/18345"}],"wp:featuredmedia":[{"embeddable":true,"href":"https:\/\/conexiontotal.press\/index.php\/wp-json\/wp\/v2\/media\/18344"}],"wp:attachment":[{"href":"https:\/\/conexiontotal.press\/index.php\/wp-json\/wp\/v2\/media?parent=18343"}],"wp:term":[{"taxonomy":"category","embeddable":true,"href":"https:\/\/conexiontotal.press\/index.php\/wp-json\/wp\/v2\/categories?post=18343"},{"taxonomy":"post_tag","embeddable":true,"href":"https:\/\/conexiontotal.press\/index.php\/wp-json\/wp\/v2\/tags?post=18343"}],"curies":[{"name":"wp","href":"https:\/\/api.w.org\/{rel}","templated":true}]}}