{"id":18376,"date":"2024-12-15T19:03:25","date_gmt":"2024-12-16T01:03:25","guid":{"rendered":"https:\/\/conexiontotal.press\/?p=18376"},"modified":"2024-12-16T19:03:31","modified_gmt":"2024-12-17T01:03:31","slug":"ninos-y-ninas-de-copa-uat-disfrutan-de-divertida-posada-navidena","status":"publish","type":"post","link":"https:\/\/conexiontotal.press\/index.php\/2024\/12\/15\/ninos-y-ninas-de-copa-uat-disfrutan-de-divertida-posada-navidena\/","title":{"rendered":"Ni\u00f1os y ni\u00f1as de Copa UAT disfrutan de divertida posada navide\u00f1a\u00a0"},"content":{"rendered":"<p>En un ambiente de fiesta y algarab\u00eda, la Universidad Aut\u00f3noma de Tamaulipas ofreci\u00f3 el tradicional festejo navide\u00f1o a las ni\u00f1as y ni\u00f1os que forman parte de la liga de futbol Copa UAT.<\/p>\n<p>Bajo la administraci\u00f3n del rector D\u00e1maso Anaya Alvarado, la universidad ha abierto sus espacios a la comunidad, con el prop\u00f3sito de contribuir desde la academia al bienestar de todos los sectores sociales.<\/p>\n<p>Por ello, a trav\u00e9s de la Secretaria de Vinculaci\u00f3n, la UAT ofreci\u00f3 un emotivo festejo a las y los futbolistas que juegan en los diferentes equipos de categor\u00edas infantiles que participan en la Copa UAT.<\/p>\n<p>En este marco y teniendo como escenario el Gimnasio Multidisciplinario del Campus Victoria, los peque\u00f1os pudieron disfrutar de un convivio lleno de color y de atm\u00f3sfera navide\u00f1a acompa\u00f1ados de sus padres.<\/p>\n<p>Entre las actividades, disfrutaron de animadas din\u00e1micas con personajes propios de la temporada, sin faltar la popular botarga del Correcaminos de la UAT.<\/p>\n<p>Y adem\u00e1s de llevarse sus dulces y juguetes, pudieron disfrutar de una entretenida funci\u00f3n de lucha libre, as\u00ed como de gozar de muchos m\u00e1s juegos y diversiones.<\/p>\n","protected":false},"excerpt":{"rendered":"<p>En un ambiente de fiesta y algarab\u00eda, la Universidad Aut\u00f3noma de Tamaulipas ofreci\u00f3 el tradicional festejo navide\u00f1o a las ni\u00f1as y ni\u00f1os que forman parte de la liga de futbol Copa UAT. Bajo la administraci\u00f3n del rector D\u00e1maso Anaya Alvarado, la universidad ha abierto sus espacios a la comunidad, con el prop\u00f3sito de contribuir desde [&hellip;]<\/p>\n","protected":false},"author":4,"featured_media":18377,"comment_status":"closed","ping_status":"closed","sticky":false,"template":"","format":"standard","meta":{"footnotes":""},"categories":[3],"tags":[],"class_list":["post-18376","post","type-post","status-publish","format-standard","has-post-thumbnail","hentry","category-victoria"],"_links":{"self":[{"href":"https:\/\/conexiontotal.press\/index.php\/wp-json\/wp\/v2\/posts\/18376","targetHints":{"allow":["GET"]}}],"collection":[{"href":"https:\/\/conexiontotal.press\/index.php\/wp-json\/wp\/v2\/posts"}],"about":[{"href":"https:\/\/conexiontotal.press\/index.php\/wp-json\/wp\/v2\/types\/post"}],"author":[{"embeddable":true,"href":"https:\/\/conexiontotal.press\/index.php\/wp-json\/wp\/v2\/users\/4"}],"replies":[{"embeddable":true,"href":"https:\/\/conexiontotal.press\/index.php\/wp-json\/wp\/v2\/comments?post=18376"}],"version-history":[{"count":1,"href":"https:\/\/conexiontotal.press\/index.php\/wp-json\/wp\/v2\/posts\/18376\/revisions"}],"predecessor-version":[{"id":18378,"href":"https:\/\/conexiontotal.press\/index.php\/wp-json\/wp\/v2\/posts\/18376\/revisions\/18378"}],"wp:featuredmedia":[{"embeddable":true,"href":"https:\/\/conexiontotal.press\/index.php\/wp-json\/wp\/v2\/media\/18377"}],"wp:attachment":[{"href":"https:\/\/conexiontotal.press\/index.php\/wp-json\/wp\/v2\/media?parent=18376"}],"wp:term":[{"taxonomy":"category","embeddable":true,"href":"https:\/\/conexiontotal.press\/index.php\/wp-json\/wp\/v2\/categories?post=18376"},{"taxonomy":"post_tag","embeddable":true,"href":"https:\/\/conexiontotal.press\/index.php\/wp-json\/wp\/v2\/tags?post=18376"}],"curies":[{"name":"wp","href":"https:\/\/api.w.org\/{rel}","templated":true}]}}