{"id":18416,"date":"2024-12-13T22:10:08","date_gmt":"2024-12-14T04:10:08","guid":{"rendered":"https:\/\/conexiontotal.press\/?p=18416"},"modified":"2024-12-19T22:10:13","modified_gmt":"2024-12-20T04:10:13","slug":"lalo-gattas-aprueba-descuentos-del-100-en-predial","status":"publish","type":"post","link":"https:\/\/conexiontotal.press\/index.php\/2024\/12\/13\/lalo-gattas-aprueba-descuentos-del-100-en-predial\/","title":{"rendered":"Lalo Gatt\u00e1s aprueba descuentos del 100% en Predial"},"content":{"rendered":"<p data-reader-unique-id=\"1\"><strong data-reader-unique-id=\"2\">Ciudad Victoria, Tamaulipas. \u2013 <\/strong>El Cabildo de Victoria autoriz\u00f3 por unanimidad extender del 2 de enero al 31 de marzo del 2025, la condonaci\u00f3n del 100% de recargos del impuesto de la propiedad urbana, suburbana y r\u00fastica en impuesto predial.<\/p>\n<p data-reader-unique-id=\"3\">Al presentar la propuesta durante la novena sesi\u00f3n p\u00fablica ordinaria, el segundo s\u00edndico Ernesto \u00c1valos Bustos argument\u00f3 que el beneficio tiene como prop\u00f3sito apoyar la econom\u00eda familiar y fortalecer la hacienda p\u00fablica municipal.<\/p>\n<p data-reader-unique-id=\"4\">Indic\u00f3 que el presidente municipal de Victoria Eduardo Gatt\u00e1s B\u00e1ez, sensible a las necesidades de las y los contribuyentes, aval\u00f3 a trav\u00e9s de la Tesorer\u00eda Municipal la bonificaci\u00f3n del 15% de la cuota anual, en el pago del impuesto predial cuando este se realice durante los meses de enero y febrero.<\/p>\n<p data-reader-unique-id=\"5\">De hasta un 8% si ocurre en los meses de marzo y abril, y el 50% en el pago del impuesto predial con relaci\u00f3n exclusivamente a un predio urbano, independientemente de que se realice el pago anticipado.<\/p>\n<p data-reader-unique-id=\"6\">Esta \u00faltima bonificaci\u00f3n incluye a contribuyentes jubilados o pensionados de cualquier sistema de seguridad social, tengan alguna discapacidad, sean adultos mayores de 60 a\u00f1os o sean ejidatarios o campesinos con derechos a salvo.<\/p>\n<p data-reader-unique-id=\"7\">Lo anterior para que surta efectos a partir del primero de enero del Ejercicio Fiscal del a\u00f1o 2025.<\/p>\n","protected":false},"excerpt":{"rendered":"<p>Ciudad Victoria, Tamaulipas. \u2013 El Cabildo de Victoria autoriz\u00f3 por unanimidad extender del 2 de enero al 31 de marzo del 2025, la condonaci\u00f3n del 100% de recargos del impuesto de la propiedad urbana, suburbana y r\u00fastica en impuesto predial. Al presentar la propuesta durante la novena sesi\u00f3n p\u00fablica ordinaria, el segundo s\u00edndico Ernesto \u00c1valos [&hellip;]<\/p>\n","protected":false},"author":4,"featured_media":18417,"comment_status":"closed","ping_status":"closed","sticky":false,"template":"","format":"standard","meta":{"footnotes":""},"categories":[3],"tags":[],"class_list":["post-18416","post","type-post","status-publish","format-standard","has-post-thumbnail","hentry","category-victoria"],"_links":{"self":[{"href":"https:\/\/conexiontotal.press\/index.php\/wp-json\/wp\/v2\/posts\/18416","targetHints":{"allow":["GET"]}}],"collection":[{"href":"https:\/\/conexiontotal.press\/index.php\/wp-json\/wp\/v2\/posts"}],"about":[{"href":"https:\/\/conexiontotal.press\/index.php\/wp-json\/wp\/v2\/types\/post"}],"author":[{"embeddable":true,"href":"https:\/\/conexiontotal.press\/index.php\/wp-json\/wp\/v2\/users\/4"}],"replies":[{"embeddable":true,"href":"https:\/\/conexiontotal.press\/index.php\/wp-json\/wp\/v2\/comments?post=18416"}],"version-history":[{"count":1,"href":"https:\/\/conexiontotal.press\/index.php\/wp-json\/wp\/v2\/posts\/18416\/revisions"}],"predecessor-version":[{"id":18418,"href":"https:\/\/conexiontotal.press\/index.php\/wp-json\/wp\/v2\/posts\/18416\/revisions\/18418"}],"wp:featuredmedia":[{"embeddable":true,"href":"https:\/\/conexiontotal.press\/index.php\/wp-json\/wp\/v2\/media\/18417"}],"wp:attachment":[{"href":"https:\/\/conexiontotal.press\/index.php\/wp-json\/wp\/v2\/media?parent=18416"}],"wp:term":[{"taxonomy":"category","embeddable":true,"href":"https:\/\/conexiontotal.press\/index.php\/wp-json\/wp\/v2\/categories?post=18416"},{"taxonomy":"post_tag","embeddable":true,"href":"https:\/\/conexiontotal.press\/index.php\/wp-json\/wp\/v2\/tags?post=18416"}],"curies":[{"name":"wp","href":"https:\/\/api.w.org\/{rel}","templated":true}]}}