{"id":18431,"date":"2024-12-16T22:20:44","date_gmt":"2024-12-17T04:20:44","guid":{"rendered":"https:\/\/conexiontotal.press\/?p=18431"},"modified":"2024-12-19T22:20:48","modified_gmt":"2024-12-20T04:20:48","slug":"acuerdan-acciones-para-el-ahorro-cuidado-y-calidad-del-agua-en-victoria","status":"publish","type":"post","link":"https:\/\/conexiontotal.press\/index.php\/2024\/12\/16\/acuerdan-acciones-para-el-ahorro-cuidado-y-calidad-del-agua-en-victoria\/","title":{"rendered":"Acuerdan acciones para el ahorro, cuidado y calidad del agua en Victoria"},"content":{"rendered":"<p data-reader-unique-id=\"1\"><strong data-reader-unique-id=\"2\">Ciudad Victoria, Tamaulipas. \u2013<\/strong> Con la asistencia del presidente municipal de Victoria Eduardo Gatt\u00e1s B\u00e1ez, se llev\u00f3 a cabo la primera sesi\u00f3n de trabajo de la Mesa Municipal del Agua como parte de los esfuerzos para abordar los desaf\u00edos relacionados con la gesti\u00f3n y conservaci\u00f3n del agua, adem\u00e1s de establecer nuevas estrategias en la distribuci\u00f3n, ahorro, cuidado y calidad del agua que se abastece a trav\u00e9s de la Comisi\u00f3n Municipal de Agua Potable y Alcantarillado de Victoria (COMAPA).<\/p>\n<p data-reader-unique-id=\"3\">Gatt\u00e1s B\u00e1ez aprovech\u00f3 la ocasi\u00f3n para exhortar a los intengrantes a colaborar para que desde cada una de sus trincheras se implementen las acciones necesarias para contribuir con el cuidado y buen uso del vital l\u00edquido, as\u00ed mismo, agradeci\u00f3 la presencia del Ing. Horacio Castillo de la Cruz, representante de la Secretar\u00eda de Recursos Hidr\u00e1ulicos y Desarrollo Social del Gobierno del Estado, adem\u00e1s de reconocer la participaci\u00f3n, disposici\u00f3n, colaboraci\u00f3n y compromiso de CONAGUA y SEMARNAT.<\/p>\n<p data-reader-unique-id=\"4\">En su informe, el Gerente General de COMAPA Victoria, C.P. Fernando Garc\u00eda Fuentes destac\u00f3 el avance de 856 fugas reparadas, el abasto de 1,777 litros de agua por segundo que se abastece por red a la ciudad, la instalaci\u00f3n de 1,420 nuevos medidores y campa\u00f1as de concientizaci\u00f3n del cuidado y ahorro del agua entre los m\u00e1s de 128 mil usuarios de la Capital del Estado.<\/p>\n<p data-reader-unique-id=\"5\">Esta primera sesi\u00f3n de la Mesa Municipal del Agua, representa un paso significativo hacia la mejora de la gesti\u00f3n del vital l\u00edquido en el \u00e1mbito municipal, promoviendo un uso responsable y sostenible de este valioso recurso.<\/p>\n","protected":false},"excerpt":{"rendered":"<p>Ciudad Victoria, Tamaulipas. \u2013 Con la asistencia del presidente municipal de Victoria Eduardo Gatt\u00e1s B\u00e1ez, se llev\u00f3 a cabo la primera sesi\u00f3n de trabajo de la Mesa Municipal del Agua como parte de los esfuerzos para abordar los desaf\u00edos relacionados con la gesti\u00f3n y conservaci\u00f3n del agua, adem\u00e1s de establecer nuevas estrategias en la distribuci\u00f3n, [&hellip;]<\/p>\n","protected":false},"author":4,"featured_media":18432,"comment_status":"closed","ping_status":"closed","sticky":false,"template":"","format":"standard","meta":{"footnotes":""},"categories":[3],"tags":[],"class_list":["post-18431","post","type-post","status-publish","format-standard","has-post-thumbnail","hentry","category-victoria"],"_links":{"self":[{"href":"https:\/\/conexiontotal.press\/index.php\/wp-json\/wp\/v2\/posts\/18431","targetHints":{"allow":["GET"]}}],"collection":[{"href":"https:\/\/conexiontotal.press\/index.php\/wp-json\/wp\/v2\/posts"}],"about":[{"href":"https:\/\/conexiontotal.press\/index.php\/wp-json\/wp\/v2\/types\/post"}],"author":[{"embeddable":true,"href":"https:\/\/conexiontotal.press\/index.php\/wp-json\/wp\/v2\/users\/4"}],"replies":[{"embeddable":true,"href":"https:\/\/conexiontotal.press\/index.php\/wp-json\/wp\/v2\/comments?post=18431"}],"version-history":[{"count":1,"href":"https:\/\/conexiontotal.press\/index.php\/wp-json\/wp\/v2\/posts\/18431\/revisions"}],"predecessor-version":[{"id":18433,"href":"https:\/\/conexiontotal.press\/index.php\/wp-json\/wp\/v2\/posts\/18431\/revisions\/18433"}],"wp:featuredmedia":[{"embeddable":true,"href":"https:\/\/conexiontotal.press\/index.php\/wp-json\/wp\/v2\/media\/18432"}],"wp:attachment":[{"href":"https:\/\/conexiontotal.press\/index.php\/wp-json\/wp\/v2\/media?parent=18431"}],"wp:term":[{"taxonomy":"category","embeddable":true,"href":"https:\/\/conexiontotal.press\/index.php\/wp-json\/wp\/v2\/categories?post=18431"},{"taxonomy":"post_tag","embeddable":true,"href":"https:\/\/conexiontotal.press\/index.php\/wp-json\/wp\/v2\/tags?post=18431"}],"curies":[{"name":"wp","href":"https:\/\/api.w.org\/{rel}","templated":true}]}}