{"id":18437,"date":"2024-12-10T22:24:31","date_gmt":"2024-12-11T04:24:31","guid":{"rendered":"https:\/\/conexiontotal.press\/?p=18437"},"modified":"2024-12-19T22:24:41","modified_gmt":"2024-12-20T04:24:41","slug":"instalan-sistema-de-archivo-municipal-de-victoria-2024-2027","status":"publish","type":"post","link":"https:\/\/conexiontotal.press\/index.php\/2024\/12\/10\/instalan-sistema-de-archivo-municipal-de-victoria-2024-2027\/","title":{"rendered":"Instalan Sistema de Archivo Municipal de Victoria 2024-2027"},"content":{"rendered":"<p data-reader-unique-id=\"1\"><strong data-reader-unique-id=\"2\">Ciudad Victoria, Tamaulipas. \u2013<\/strong> Con la representaci\u00f3n del presidente municipal Eduardo Gatt\u00e1s B\u00e1ez, el Secretario del Ayuntamiento Hugo Res\u00e9ndez Silva presidi\u00f3 la instalaci\u00f3n y toma de protesta a integrantes del Sistema Institucional de Archivo Municipal de Victoria para el per\u00edodo 2024-2027.<\/p>\n<p data-reader-unique-id=\"3\">Con m\u00e1s de 75 mil documentos digitalizados, Res\u00e9ndez Silva destac\u00f3 la importancia que representa para el Gobierno de Victoria contar con un archivo que documenta las acciones diarias que genera de manera cronol\u00f3gica por la autoridad municipal, \u00fanico y primero en Tamaulipas.<\/p>\n<p data-reader-unique-id=\"4\">La diputada Blanca Anzald\u00faa N\u00e1jera declar\u00f3 formalmente integrado e instalado este Sistema Institucional de Archivos del Gobierno Municipal de Victoria vigente al 30 de septiembre del 2027, en el evento realizado en el auditorio \u201cCentenario de la Constituci\u00f3n de 1917\u201d del Congreso del Estado.<\/p>\n<p data-reader-unique-id=\"5\">El Sistema Institucional de Archivos que integran procesos y procedimientos institucionales alineados en expedientes de manera l\u00f3gica y cronol\u00f3gica, ser\u00e1 presidido para el per\u00edodo 2024-2027 por Hugo Res\u00e9ndez Silva y tendr\u00e1 como coordinador al C.P. Juan Antonio Lugo Mancilla.<\/p>\n<p data-reader-unique-id=\"6\">En este importante evento, se cont\u00f3 con la asistencia de diputados integrantes de la 66 Legislatura Local, s\u00edndicos y regidores del Cabildo de Victoria, secretarios municipales y connotados historiadores de la Capital de Tamaulipas.<\/p>\n","protected":false},"excerpt":{"rendered":"<p>Ciudad Victoria, Tamaulipas. \u2013 Con la representaci\u00f3n del presidente municipal Eduardo Gatt\u00e1s B\u00e1ez, el Secretario del Ayuntamiento Hugo Res\u00e9ndez Silva presidi\u00f3 la instalaci\u00f3n y toma de protesta a integrantes del Sistema Institucional de Archivo Municipal de Victoria para el per\u00edodo 2024-2027. Con m\u00e1s de 75 mil documentos digitalizados, Res\u00e9ndez Silva destac\u00f3 la importancia que representa [&hellip;]<\/p>\n","protected":false},"author":4,"featured_media":18438,"comment_status":"closed","ping_status":"closed","sticky":false,"template":"","format":"standard","meta":{"footnotes":""},"categories":[3],"tags":[],"class_list":["post-18437","post","type-post","status-publish","format-standard","has-post-thumbnail","hentry","category-victoria"],"_links":{"self":[{"href":"https:\/\/conexiontotal.press\/index.php\/wp-json\/wp\/v2\/posts\/18437","targetHints":{"allow":["GET"]}}],"collection":[{"href":"https:\/\/conexiontotal.press\/index.php\/wp-json\/wp\/v2\/posts"}],"about":[{"href":"https:\/\/conexiontotal.press\/index.php\/wp-json\/wp\/v2\/types\/post"}],"author":[{"embeddable":true,"href":"https:\/\/conexiontotal.press\/index.php\/wp-json\/wp\/v2\/users\/4"}],"replies":[{"embeddable":true,"href":"https:\/\/conexiontotal.press\/index.php\/wp-json\/wp\/v2\/comments?post=18437"}],"version-history":[{"count":1,"href":"https:\/\/conexiontotal.press\/index.php\/wp-json\/wp\/v2\/posts\/18437\/revisions"}],"predecessor-version":[{"id":18439,"href":"https:\/\/conexiontotal.press\/index.php\/wp-json\/wp\/v2\/posts\/18437\/revisions\/18439"}],"wp:featuredmedia":[{"embeddable":true,"href":"https:\/\/conexiontotal.press\/index.php\/wp-json\/wp\/v2\/media\/18438"}],"wp:attachment":[{"href":"https:\/\/conexiontotal.press\/index.php\/wp-json\/wp\/v2\/media?parent=18437"}],"wp:term":[{"taxonomy":"category","embeddable":true,"href":"https:\/\/conexiontotal.press\/index.php\/wp-json\/wp\/v2\/categories?post=18437"},{"taxonomy":"post_tag","embeddable":true,"href":"https:\/\/conexiontotal.press\/index.php\/wp-json\/wp\/v2\/tags?post=18437"}],"curies":[{"name":"wp","href":"https:\/\/api.w.org\/{rel}","templated":true}]}}