{"id":18440,"date":"2024-12-05T22:25:56","date_gmt":"2024-12-06T04:25:56","guid":{"rendered":"https:\/\/conexiontotal.press\/?p=18440"},"modified":"2024-12-19T22:26:01","modified_gmt":"2024-12-20T04:26:01","slug":"instalan-en-victoria-cabildo-de-la-juventud-2024","status":"publish","type":"post","link":"https:\/\/conexiontotal.press\/index.php\/2024\/12\/05\/instalan-en-victoria-cabildo-de-la-juventud-2024\/","title":{"rendered":"Instalan en Victoria Cabildo de la Juventud 2024"},"content":{"rendered":"<p data-reader-unique-id=\"1\"><strong data-reader-unique-id=\"2\">Ciudad Victoria, Tamaulipas.- <\/strong>Con la asistencia de autoridades electorales y educativas del Estado, este jueves fue instalado el Cabildo de la Juventud Victorense 2024, para la expresi\u00f3n de propuestas y demandas de grupos de j\u00f3venes que contribuyan a mejorar las pol\u00edticas p\u00fablicas del Gobierno Municipal de Victoria.<\/p>\n<p data-reader-unique-id=\"3\">En representaci\u00f3n del presidente municipal de Victoria Eduardo Gatt\u00e1s B\u00e1ez, el Secretario del Ayuntamiento Hugo Res\u00e9ndez Silva dio la bienvenida y agradeci\u00f3 la presencia de los presidentes del INE, IETAM, representantes del TRIETAM, UAT, ITJUVE, SIPINNA y clubes rotarac, que dieron realce al evento efectuado en la explanada de la Presidencia Municipal.<br data-reader-unique-id=\"4\" \/><a href=\"https:\/\/muropolitico.mx\/wp-content\/uploads\/2024\/12\/Abraham-Gattas-Rodriguez.jpg\" data-reader-unique-id=\"5\"><img loading=\"lazy\" decoding=\"async\" class=\"clear\" src=\"https:\/\/muropolitico.mx\/wp-content\/uploads\/2024\/12\/Abraham-Gattas-Rodriguez.jpg\" sizes=\"auto, (max-width: 750px) 100vw, 750px\" srcset=\"https:\/\/muropolitico.mx\/wp-content\/uploads\/2024\/12\/Abraham-Gattas-Rodriguez.jpg 750w, https:\/\/muropolitico.mx\/wp-content\/uploads\/2024\/12\/Abraham-Gattas-Rodriguez-300x200.jpg 300w\" alt=\"\" width=\"750\" height=\"500\" data-pin-no-hover=\"true\" data-reader-unique-id=\"6\" \/><\/a><br data-reader-unique-id=\"7\" \/>\u201cPara el Gobierno de Victoria, los j\u00f3venes representan el motor de cambio de nuestra sociedad, nuevamente abrimos las puertas del municipio para que expresen sus ideas y se conviertan en agentes activos, en nombre del presidente municipal, reiteramos nuestra confianza y respaldo para construir un Victoria m\u00e1s fuerte\u201d apunt\u00f3.<\/p>\n<p data-reader-unique-id=\"8\">Por su parte, el delegado municipal del Instituto de la Juventud de Tamaulipas, Abraham Gatt\u00e1s Rodr\u00edguez, coincidi\u00f3 con los responsables, de velar por el respeto a las leyes electorales, que el Cabildo de la Juventud es una plataforma para que las voces de las nuevas generaciones sean escuchadas y poder involucrarse en la toma de decisiones.<\/p>\n<p data-reader-unique-id=\"9\">\u201cSomos el relevo generacional, pero ese lugar no nos ser\u00e1 dado autom\u00e1ticamente, debemos demostrar que somos capaces, que tenemos creatividad, determinaci\u00f3n y compromiso para construir un mejor ma\u00f1ana\u201d se\u00f1al\u00f3 al hacer entrega de botones a los integrantes del Cabildo de la Juventud Victorense 2024.<\/p>\n","protected":false},"excerpt":{"rendered":"<p>Ciudad Victoria, Tamaulipas.- Con la asistencia de autoridades electorales y educativas del Estado, este jueves fue instalado el Cabildo de la Juventud Victorense 2024, para la expresi\u00f3n de propuestas y demandas de grupos de j\u00f3venes que contribuyan a mejorar las pol\u00edticas p\u00fablicas del Gobierno Municipal de Victoria. En representaci\u00f3n del presidente municipal de Victoria Eduardo [&hellip;]<\/p>\n","protected":false},"author":4,"featured_media":18441,"comment_status":"closed","ping_status":"closed","sticky":false,"template":"","format":"standard","meta":{"footnotes":""},"categories":[3],"tags":[],"class_list":["post-18440","post","type-post","status-publish","format-standard","has-post-thumbnail","hentry","category-victoria"],"_links":{"self":[{"href":"https:\/\/conexiontotal.press\/index.php\/wp-json\/wp\/v2\/posts\/18440","targetHints":{"allow":["GET"]}}],"collection":[{"href":"https:\/\/conexiontotal.press\/index.php\/wp-json\/wp\/v2\/posts"}],"about":[{"href":"https:\/\/conexiontotal.press\/index.php\/wp-json\/wp\/v2\/types\/post"}],"author":[{"embeddable":true,"href":"https:\/\/conexiontotal.press\/index.php\/wp-json\/wp\/v2\/users\/4"}],"replies":[{"embeddable":true,"href":"https:\/\/conexiontotal.press\/index.php\/wp-json\/wp\/v2\/comments?post=18440"}],"version-history":[{"count":1,"href":"https:\/\/conexiontotal.press\/index.php\/wp-json\/wp\/v2\/posts\/18440\/revisions"}],"predecessor-version":[{"id":18442,"href":"https:\/\/conexiontotal.press\/index.php\/wp-json\/wp\/v2\/posts\/18440\/revisions\/18442"}],"wp:featuredmedia":[{"embeddable":true,"href":"https:\/\/conexiontotal.press\/index.php\/wp-json\/wp\/v2\/media\/18441"}],"wp:attachment":[{"href":"https:\/\/conexiontotal.press\/index.php\/wp-json\/wp\/v2\/media?parent=18440"}],"wp:term":[{"taxonomy":"category","embeddable":true,"href":"https:\/\/conexiontotal.press\/index.php\/wp-json\/wp\/v2\/categories?post=18440"},{"taxonomy":"post_tag","embeddable":true,"href":"https:\/\/conexiontotal.press\/index.php\/wp-json\/wp\/v2\/tags?post=18440"}],"curies":[{"name":"wp","href":"https:\/\/api.w.org\/{rel}","templated":true}]}}