{"id":18449,"date":"2024-12-22T21:51:04","date_gmt":"2024-12-23T03:51:04","guid":{"rendered":"https:\/\/conexiontotal.press\/?p=18449"},"modified":"2024-12-22T21:51:54","modified_gmt":"2024-12-23T03:51:54","slug":"desplome-de-avioneta-en-jalisco-deja-al-menos-siete-muertos","status":"publish","type":"post","link":"https:\/\/conexiontotal.press\/index.php\/2024\/12\/22\/desplome-de-avioneta-en-jalisco-deja-al-menos-siete-muertos\/","title":{"rendered":"Desplome de avioneta en Jalisco deja al menos siete muertos"},"content":{"rendered":"<p>CIUDAD DE M\u00c9XICO.- La tarde de este domingo se desplom\u00f3 una avioneta en una zona boscosa de Quitupan, Jalisco, hecho que dej\u00f3 al menos siete muertos.<\/p>\n<p>Protecci\u00f3n Civil de Jalisco\u00a0inform\u00f3 que se trata de una aeronave tipo Cessna 207 que proven\u00eda de La Parota, Michoac\u00e1n.<\/p>\n<p>Al sitio ubicado en una zona cercana al poblado de \u201cPalo Verde\u201d se traslad\u00f3 personal de Protecci\u00f3n Civil estatal, en coordinaci\u00f3n con autoridades de Quitupan y Mazamitla.<\/p>\n<blockquote class=\"twitter-tweet\">\n<p dir=\"ltr\" lang=\"es\">Personal de Protecci\u00f3n Civil Jalisco, en coordinaci\u00f3n con autoridades de Quitupan y Mazamitla acudieron al sitio, en una zona cercana al poblado de \u201cPalo Verde\u201d, municipio de Quitupan, para atender la emergencia.<\/p>\n<p>Autoridades policiales que arribaron inicialmente,<\/p>\n<p>2\/4 <a href=\"https:\/\/t.co\/zfVe8gAlUl\">pic.twitter.com\/zfVe8gAlUl<\/a><\/p>\n<p>\u2014 Protecci\u00f3n Civil JAL (@PCJalisco) <a href=\"https:\/\/twitter.com\/PCJalisco\/status\/1870988074722992233?ref_src=twsrc%5Etfw\">December 23, 2024<\/a><\/p><\/blockquote>\n<p><script async src=\"https:\/\/platform.twitter.com\/widgets.js\" charset=\"utf-8\"><\/script><\/p>\n<p>Autoridades policiales que arribaron al sitio reportaron de manera preliminar la muerte de siete personas.<\/p>\n<p>En el reguardo del sitio del accidente se encuentra tambi\u00e9n personal de la Secretar\u00eda de la Defensa Nacional.<\/p>\n<p>Con informaci\u00f3n de L\u00f3pez-D\u00f3riga Digital<\/p>\n","protected":false},"excerpt":{"rendered":"<p>CIUDAD DE M\u00c9XICO.- La tarde de este domingo se desplom\u00f3 una avioneta en una zona boscosa de Quitupan, Jalisco, hecho que dej\u00f3 al menos siete muertos. Protecci\u00f3n Civil de Jalisco\u00a0inform\u00f3 que se trata de una aeronave tipo Cessna 207 que proven\u00eda de La Parota, Michoac\u00e1n. Al sitio ubicado en una zona cercana al poblado de [&hellip;]<\/p>\n","protected":false},"author":4,"featured_media":18450,"comment_status":"closed","ping_status":"closed","sticky":false,"template":"","format":"standard","meta":{"footnotes":""},"categories":[12],"tags":[],"class_list":["post-18449","post","type-post","status-publish","format-standard","has-post-thumbnail","hentry","category-mexico"],"_links":{"self":[{"href":"https:\/\/conexiontotal.press\/index.php\/wp-json\/wp\/v2\/posts\/18449","targetHints":{"allow":["GET"]}}],"collection":[{"href":"https:\/\/conexiontotal.press\/index.php\/wp-json\/wp\/v2\/posts"}],"about":[{"href":"https:\/\/conexiontotal.press\/index.php\/wp-json\/wp\/v2\/types\/post"}],"author":[{"embeddable":true,"href":"https:\/\/conexiontotal.press\/index.php\/wp-json\/wp\/v2\/users\/4"}],"replies":[{"embeddable":true,"href":"https:\/\/conexiontotal.press\/index.php\/wp-json\/wp\/v2\/comments?post=18449"}],"version-history":[{"count":3,"href":"https:\/\/conexiontotal.press\/index.php\/wp-json\/wp\/v2\/posts\/18449\/revisions"}],"predecessor-version":[{"id":18453,"href":"https:\/\/conexiontotal.press\/index.php\/wp-json\/wp\/v2\/posts\/18449\/revisions\/18453"}],"wp:featuredmedia":[{"embeddable":true,"href":"https:\/\/conexiontotal.press\/index.php\/wp-json\/wp\/v2\/media\/18450"}],"wp:attachment":[{"href":"https:\/\/conexiontotal.press\/index.php\/wp-json\/wp\/v2\/media?parent=18449"}],"wp:term":[{"taxonomy":"category","embeddable":true,"href":"https:\/\/conexiontotal.press\/index.php\/wp-json\/wp\/v2\/categories?post=18449"},{"taxonomy":"post_tag","embeddable":true,"href":"https:\/\/conexiontotal.press\/index.php\/wp-json\/wp\/v2\/tags?post=18449"}],"curies":[{"name":"wp","href":"https:\/\/api.w.org\/{rel}","templated":true}]}}