{"id":18490,"date":"2025-01-02T14:36:19","date_gmt":"2025-01-02T20:36:19","guid":{"rendered":"https:\/\/conexiontotal.press\/?p=18490"},"modified":"2025-01-02T14:36:19","modified_gmt":"2025-01-02T20:36:19","slug":"nuevo-frente-frio-afectara-a-tamaulipas-el-proximo-domingo","status":"publish","type":"post","link":"https:\/\/conexiontotal.press\/index.php\/2025\/01\/02\/nuevo-frente-frio-afectara-a-tamaulipas-el-proximo-domingo\/","title":{"rendered":"Nuevo frente fr\u00edo afectar\u00e1 a Tamaulipas el pr\u00f3ximo domingo"},"content":{"rendered":"<p data-reader-unique-id=\"1\">CIUDAD VICTORIA, TAMAULIPAS.- El pr\u00f3ximo domingo 5 de enero, un nuevo frente fr\u00edo impactar\u00e1 el norte de M\u00e9xico, seg\u00fan el pron\u00f3stico extendido a 96 horas del Servicio Meteorol\u00f3gico Nacional (SMN).<\/p>\n<p data-reader-unique-id=\"2\">Este fen\u00f3meno traer\u00e1 consigo un marcado descenso de temperaturas en Tamaulipas, as\u00ed como fuertes vientos y tolvaneras en el noreste del pa\u00eds.<\/p>\n<p data-reader-unique-id=\"5\">De acuerdo con el SMN, el frente fr\u00edo interactuar\u00e1 con una l\u00ednea seca sobre Coahuila, una vaguada superior y la corriente en chorro subtropical, condiciones que incrementar\u00e1n los vientos de fuertes a muy fuertes en diversas zonas del norte y noreste mexicano, incluidas \u00e1reas de Tamaulipas.<\/p>\n<p data-reader-unique-id=\"6\">\u00abDurante el domingo, la aproximaci\u00f3n de un nuevo frente fr\u00edo a la frontera norte de M\u00e9xico, en interacci\u00f3n con una l\u00ednea seca sobre Coahuila, una vaguada superior y la corriente en chorro subtropical, incrementar\u00e1n la probabilidad de vientos fuertes a muy fuertes con tolvaneras en el noroeste, norte y noreste del pa\u00eds\u00bb.<\/p>\n<p data-reader-unique-id=\"10\">Y aunque se espera una reducci\u00f3n en el potencial de lluvias a nivel nacional, el descenso t\u00e9rmico ser\u00e1 significativo en el estado, donde las temperaturas m\u00ednimas podr\u00edan alcanzar niveles inusualmente bajos para la temporada.<\/p>\n<p data-reader-unique-id=\"11\">Ante esta situaci\u00f3n, las autoridades recomiendan a la poblaci\u00f3n mantenerse informada sobre las actualizaciones meteorol\u00f3gicas, evitar exposiciones prolongadas al fr\u00edo y tomar medidas preventivas para proteger la salud, especialmente de los sectores m\u00e1s vulnerables como ni\u00f1os y personas mayores.<\/p>\n<p data-reader-unique-id=\"12\">Este fen\u00f3meno tambi\u00e9n podr\u00eda generar complicaciones para la navegaci\u00f3n mar\u00edtima y el tr\u00e1nsito terrestre debido a las tolvaneras, por lo que se exhorta a extremar precauciones en carreteras y zonas abiertas.<\/p>\n<p data-reader-unique-id=\"13\">El impacto de este frente fr\u00edo ser\u00e1 un recordatorio de los dr\u00e1sticos cambios clim\u00e1ticos caracter\u00edsticos de la temporada invernal en el norte de M\u00e9xico.<\/p>\n<p data-reader-unique-id=\"14\">Por Antonio H. Mandujano<\/p>\n","protected":false},"excerpt":{"rendered":"<p>CIUDAD VICTORIA, TAMAULIPAS.- El pr\u00f3ximo domingo 5 de enero, un nuevo frente fr\u00edo impactar\u00e1 el norte de M\u00e9xico, seg\u00fan el pron\u00f3stico extendido a 96 horas del Servicio Meteorol\u00f3gico Nacional (SMN). Este fen\u00f3meno traer\u00e1 consigo un marcado descenso de temperaturas en Tamaulipas, as\u00ed como fuertes vientos y tolvaneras en el noreste del pa\u00eds. De acuerdo con [&hellip;]<\/p>\n","protected":false},"author":4,"featured_media":18491,"comment_status":"closed","ping_status":"closed","sticky":false,"template":"","format":"standard","meta":{"footnotes":""},"categories":[3],"tags":[],"class_list":["post-18490","post","type-post","status-publish","format-standard","has-post-thumbnail","hentry","category-victoria"],"_links":{"self":[{"href":"https:\/\/conexiontotal.press\/index.php\/wp-json\/wp\/v2\/posts\/18490","targetHints":{"allow":["GET"]}}],"collection":[{"href":"https:\/\/conexiontotal.press\/index.php\/wp-json\/wp\/v2\/posts"}],"about":[{"href":"https:\/\/conexiontotal.press\/index.php\/wp-json\/wp\/v2\/types\/post"}],"author":[{"embeddable":true,"href":"https:\/\/conexiontotal.press\/index.php\/wp-json\/wp\/v2\/users\/4"}],"replies":[{"embeddable":true,"href":"https:\/\/conexiontotal.press\/index.php\/wp-json\/wp\/v2\/comments?post=18490"}],"version-history":[{"count":1,"href":"https:\/\/conexiontotal.press\/index.php\/wp-json\/wp\/v2\/posts\/18490\/revisions"}],"predecessor-version":[{"id":18492,"href":"https:\/\/conexiontotal.press\/index.php\/wp-json\/wp\/v2\/posts\/18490\/revisions\/18492"}],"wp:featuredmedia":[{"embeddable":true,"href":"https:\/\/conexiontotal.press\/index.php\/wp-json\/wp\/v2\/media\/18491"}],"wp:attachment":[{"href":"https:\/\/conexiontotal.press\/index.php\/wp-json\/wp\/v2\/media?parent=18490"}],"wp:term":[{"taxonomy":"category","embeddable":true,"href":"https:\/\/conexiontotal.press\/index.php\/wp-json\/wp\/v2\/categories?post=18490"},{"taxonomy":"post_tag","embeddable":true,"href":"https:\/\/conexiontotal.press\/index.php\/wp-json\/wp\/v2\/tags?post=18490"}],"curies":[{"name":"wp","href":"https:\/\/api.w.org\/{rel}","templated":true}]}}