{"id":18493,"date":"2025-01-02T15:14:42","date_gmt":"2025-01-02T21:14:42","guid":{"rendered":"https:\/\/conexiontotal.press\/?p=18493"},"modified":"2025-01-02T15:14:42","modified_gmt":"2025-01-02T21:14:42","slug":"buscan-que-presunto-agresor-de-melanie-lleve-el-proceso-en-libertad","status":"publish","type":"post","link":"https:\/\/conexiontotal.press\/index.php\/2025\/01\/02\/buscan-que-presunto-agresor-de-melanie-lleve-el-proceso-en-libertad\/","title":{"rendered":"Buscan que presunto agresor de  Melanie lleve el proceso en libertad"},"content":{"rendered":"<p>La defensa de Christian de Jes\u00fas N, presunto agresor de Melanie, busca que lleve el proceso en libertad y no en prisi\u00f3n.<\/p>\n<p>El mes pasado se le vincul\u00f3 a proceso por el delito de feminicidio en grado de tentativa y el Juez de Control determin\u00f3 enviarlo al Centro de Ejecuci\u00f3n de Sanciones (Cedes) de Altamira.<\/p>\n<p>El abogado Carlos Betancourt, detall\u00f3 que la audiencia es para la revisi\u00f3n de las medidas cautelares en cumplimiento de un amparo que se interpuso ante un juzgado federal.<\/p>\n<p>\u201cEs en cumplimiento de un Juez Federal de un amparo que se interpuso en d\u00edas anteriores y en los que la defensa ha luchado para buscar que Christian de Jes\u00fas lleve el caso en libertad\u201d.<\/p>\n<p>Coment\u00f3 que de acuerdo a su experiencia, la prisi\u00f3n preventiva que le aplicaron al joven es extrema, por tal motivo solicitaron la revisi\u00f3n.<\/p>\n<p>\u201cDe acuerdo a nuestra experiencia, nosotros pensamos que la medida de prevenci\u00f3n justificada que le hicieron a Christian fueron muy extremas, es por eso que vamos a revisar las medidas cautelares\u201d.<\/p>\n<p>Detall\u00f3 que presentaron una demanda de amparo y un Juez Federal orden\u00f3 la revisi\u00f3n de las medidas cautelares de la prisi\u00f3n preventiva.<\/p>\n<p>\u201cLa medida preventiva no es la adecuada para el joven, es la idea es que salga y lleve el proceso en libertad\u201d.<\/p>\n<p>\u00d3scar Figueroa<\/p>\n<p>La Raz\u00f3n<span class=\"Apple-converted-space\">\u00a0<\/span><\/p>\n","protected":false},"excerpt":{"rendered":"<p>La defensa de Christian de Jes\u00fas N, presunto agresor de Melanie, busca que lleve el proceso en libertad y no en prisi\u00f3n. El mes pasado se le vincul\u00f3 a proceso por el delito de feminicidio en grado de tentativa y el Juez de Control determin\u00f3 enviarlo al Centro de Ejecuci\u00f3n de Sanciones (Cedes) de Altamira. [&hellip;]<\/p>\n","protected":false},"author":4,"featured_media":18494,"comment_status":"closed","ping_status":"closed","sticky":false,"template":"","format":"standard","meta":{"footnotes":""},"categories":[4],"tags":[],"class_list":["post-18493","post","type-post","status-publish","format-standard","has-post-thumbnail","hentry","category-tampico"],"_links":{"self":[{"href":"https:\/\/conexiontotal.press\/index.php\/wp-json\/wp\/v2\/posts\/18493","targetHints":{"allow":["GET"]}}],"collection":[{"href":"https:\/\/conexiontotal.press\/index.php\/wp-json\/wp\/v2\/posts"}],"about":[{"href":"https:\/\/conexiontotal.press\/index.php\/wp-json\/wp\/v2\/types\/post"}],"author":[{"embeddable":true,"href":"https:\/\/conexiontotal.press\/index.php\/wp-json\/wp\/v2\/users\/4"}],"replies":[{"embeddable":true,"href":"https:\/\/conexiontotal.press\/index.php\/wp-json\/wp\/v2\/comments?post=18493"}],"version-history":[{"count":1,"href":"https:\/\/conexiontotal.press\/index.php\/wp-json\/wp\/v2\/posts\/18493\/revisions"}],"predecessor-version":[{"id":18495,"href":"https:\/\/conexiontotal.press\/index.php\/wp-json\/wp\/v2\/posts\/18493\/revisions\/18495"}],"wp:featuredmedia":[{"embeddable":true,"href":"https:\/\/conexiontotal.press\/index.php\/wp-json\/wp\/v2\/media\/18494"}],"wp:attachment":[{"href":"https:\/\/conexiontotal.press\/index.php\/wp-json\/wp\/v2\/media?parent=18493"}],"wp:term":[{"taxonomy":"category","embeddable":true,"href":"https:\/\/conexiontotal.press\/index.php\/wp-json\/wp\/v2\/categories?post=18493"},{"taxonomy":"post_tag","embeddable":true,"href":"https:\/\/conexiontotal.press\/index.php\/wp-json\/wp\/v2\/tags?post=18493"}],"curies":[{"name":"wp","href":"https:\/\/api.w.org\/{rel}","templated":true}]}}