{"id":18508,"date":"2025-01-05T20:44:26","date_gmt":"2025-01-06T02:44:26","guid":{"rendered":"https:\/\/conexiontotal.press\/?p=18508"},"modified":"2025-01-05T20:44:26","modified_gmt":"2025-01-06T02:44:26","slug":"erasmo-comparte-la-tradicional-rosca-de-reyes","status":"publish","type":"post","link":"https:\/\/conexiontotal.press\/index.php\/2025\/01\/05\/erasmo-comparte-la-tradicional-rosca-de-reyes\/","title":{"rendered":"Erasmo comparte la tradicional \u201cRosca de Reyes\u201d"},"content":{"rendered":"<p>El presidente municipal Erasmo Gonz\u00e1lez Robledo, en cumplimiento de una tradici\u00f3n que se ha mantenido a lo largo de los a\u00f1os, llev\u00f3 a cabo la entrega de la emblem\u00e1tica \u201cRosca de Reyes\u201d en diversos puntos significativos de la ciudad. Durante su visita al mercado 18 de Marzo, interactu\u00f3 con los locatarios para compartir esta costumbre, y tambi\u00e9n se acerc\u00f3 a los artesanos en la plaza \u00c1rbol Grande, as\u00ed como a los vecinos, con el fin de celebrar juntos el inicio del nuevo a\u00f1o.<\/p>\n<p>A primera hora, la m\u00e1xima autoridad de Ciudad Madero, junto a S\u00edndicos y Regidores, realiz\u00f3 la entrega simb\u00f3lica de los regalos de Los Reyes Magos, marcando as\u00ed la llegada de esta festividad; este evento es especialmente esperado por los ni\u00f1os y las familias, quienes lo celebran en compa\u00f1\u00eda de sus seres queridos y amigos.<\/p>\n<p>Erasmo Gonz\u00e1lez visit\u00f3 todos los pasillos de los establecimientos comerciales para realizar la entrega personal de la tradicional rosca de Reyes, un regalo que ha sido una costumbre durante muchos a\u00f1os.<\/p>\n<p><span class=\"Apple-converted-space\">\u00a0<\/span>Durante este recorrido, record\u00f3 que su padre, don Erasmo Gonz\u00e1lez Mart\u00ednez, tambi\u00e9n cumpl\u00eda con esta tradici\u00f3n como presidente municipal y ciudadano de Madero.<\/p>\n<p>Esta ocasi\u00f3n propicia la reuni\u00f3n de familiares y amigos, en la que este postre de forma circular simboliza la corona de los Reyes Magos. Todos esperan con ilusi\u00f3n recibir la figura tradicional, ya que esta representa la suerte y la prosperidad para el a\u00f1o venidero.<\/p>\n","protected":false},"excerpt":{"rendered":"<p>El presidente municipal Erasmo Gonz\u00e1lez Robledo, en cumplimiento de una tradici\u00f3n que se ha mantenido a lo largo de los a\u00f1os, llev\u00f3 a cabo la entrega de la emblem\u00e1tica \u201cRosca de Reyes\u201d en diversos puntos significativos de la ciudad. Durante su visita al mercado 18 de Marzo, interactu\u00f3 con los locatarios para compartir esta costumbre, [&hellip;]<\/p>\n","protected":false},"author":4,"featured_media":18509,"comment_status":"closed","ping_status":"closed","sticky":false,"template":"","format":"standard","meta":{"footnotes":""},"categories":[4],"tags":[],"class_list":["post-18508","post","type-post","status-publish","format-standard","has-post-thumbnail","hentry","category-tampico"],"_links":{"self":[{"href":"https:\/\/conexiontotal.press\/index.php\/wp-json\/wp\/v2\/posts\/18508","targetHints":{"allow":["GET"]}}],"collection":[{"href":"https:\/\/conexiontotal.press\/index.php\/wp-json\/wp\/v2\/posts"}],"about":[{"href":"https:\/\/conexiontotal.press\/index.php\/wp-json\/wp\/v2\/types\/post"}],"author":[{"embeddable":true,"href":"https:\/\/conexiontotal.press\/index.php\/wp-json\/wp\/v2\/users\/4"}],"replies":[{"embeddable":true,"href":"https:\/\/conexiontotal.press\/index.php\/wp-json\/wp\/v2\/comments?post=18508"}],"version-history":[{"count":1,"href":"https:\/\/conexiontotal.press\/index.php\/wp-json\/wp\/v2\/posts\/18508\/revisions"}],"predecessor-version":[{"id":18510,"href":"https:\/\/conexiontotal.press\/index.php\/wp-json\/wp\/v2\/posts\/18508\/revisions\/18510"}],"wp:featuredmedia":[{"embeddable":true,"href":"https:\/\/conexiontotal.press\/index.php\/wp-json\/wp\/v2\/media\/18509"}],"wp:attachment":[{"href":"https:\/\/conexiontotal.press\/index.php\/wp-json\/wp\/v2\/media?parent=18508"}],"wp:term":[{"taxonomy":"category","embeddable":true,"href":"https:\/\/conexiontotal.press\/index.php\/wp-json\/wp\/v2\/categories?post=18508"},{"taxonomy":"post_tag","embeddable":true,"href":"https:\/\/conexiontotal.press\/index.php\/wp-json\/wp\/v2\/tags?post=18508"}],"curies":[{"name":"wp","href":"https:\/\/api.w.org\/{rel}","templated":true}]}}