{"id":18589,"date":"2025-01-19T15:45:38","date_gmt":"2025-01-19T21:45:38","guid":{"rendered":"https:\/\/conexiontotal.press\/?p=18589"},"modified":"2025-01-21T15:45:42","modified_gmt":"2025-01-21T21:45:42","slug":"ilumina-gobierno-de-victoria-sector-5-con-nueva-tecnologia","status":"publish","type":"post","link":"https:\/\/conexiontotal.press\/index.php\/2025\/01\/19\/ilumina-gobierno-de-victoria-sector-5-con-nueva-tecnologia\/","title":{"rendered":"Ilumina gobierno de Victoria Sector 5 con nueva tecnolog\u00eda"},"content":{"rendered":"<p data-reader-unique-id=\"1\"><strong data-reader-unique-id=\"2\">Ciudad Victoria, Tamaulipas. \u2013<\/strong> Porque una ciudad iluminada es un m\u00e1s segura, el presidente municipal de Victoria Eduardo Gatt\u00e1s B\u00e1ez encendi\u00f3 el switch en la avenida La Unidad donde personal de alumbrado p\u00fablico instal\u00f3 10 l\u00e1mparas LED y 7 equipos nueva tecnolog\u00eda.<\/p>\n<p data-reader-unique-id=\"3\">Con esta acci\u00f3n de gobierno, cumpli\u00f3 el compromiso con 1,800 habitantes que residen en el Sector 5, que colinda con las colonias Chapultepec, Loma Bonita, 2 de Octubre, Huerta San Javier, fraccionamientos Paseo de Los Olivos, Los Prados y Unidad Deportiva Revoluci\u00f3n Verde.<\/p>\n<p data-reader-unique-id=\"4\">\u201cSeguimos innovando y trabajando en la iluminaci\u00f3n de nuestra bella ciudad Victoria, la Capital de Tamaulipas y la transformaci\u00f3n\u201d dijo al grupo de vecinos que lo acompa\u00f1aron en el recorrido del tramo iluminado para prevenir accidentes y reducir la incidencia delictiva.<\/p>\n<p data-reader-unique-id=\"5\">Carlos Charles Ortiz, secretario de Servicios P\u00fablicos del Municipio, detall\u00f3 que las l\u00e1mparas y equipo LED instalado en el sector es de \u00faltima tecnolog\u00eda, por lo que generar\u00e1 un ahorro importante en el consumo de energ\u00eda y reducir\u00e1 emisiones de efecto invernadero.<\/p>\n","protected":false},"excerpt":{"rendered":"<p>Ciudad Victoria, Tamaulipas. \u2013 Porque una ciudad iluminada es un m\u00e1s segura, el presidente municipal de Victoria Eduardo Gatt\u00e1s B\u00e1ez encendi\u00f3 el switch en la avenida La Unidad donde personal de alumbrado p\u00fablico instal\u00f3 10 l\u00e1mparas LED y 7 equipos nueva tecnolog\u00eda. Con esta acci\u00f3n de gobierno, cumpli\u00f3 el compromiso con 1,800 habitantes que residen [&hellip;]<\/p>\n","protected":false},"author":4,"featured_media":18590,"comment_status":"closed","ping_status":"closed","sticky":false,"template":"","format":"standard","meta":{"footnotes":""},"categories":[3],"tags":[],"class_list":["post-18589","post","type-post","status-publish","format-standard","has-post-thumbnail","hentry","category-victoria"],"_links":{"self":[{"href":"https:\/\/conexiontotal.press\/index.php\/wp-json\/wp\/v2\/posts\/18589","targetHints":{"allow":["GET"]}}],"collection":[{"href":"https:\/\/conexiontotal.press\/index.php\/wp-json\/wp\/v2\/posts"}],"about":[{"href":"https:\/\/conexiontotal.press\/index.php\/wp-json\/wp\/v2\/types\/post"}],"author":[{"embeddable":true,"href":"https:\/\/conexiontotal.press\/index.php\/wp-json\/wp\/v2\/users\/4"}],"replies":[{"embeddable":true,"href":"https:\/\/conexiontotal.press\/index.php\/wp-json\/wp\/v2\/comments?post=18589"}],"version-history":[{"count":1,"href":"https:\/\/conexiontotal.press\/index.php\/wp-json\/wp\/v2\/posts\/18589\/revisions"}],"predecessor-version":[{"id":18591,"href":"https:\/\/conexiontotal.press\/index.php\/wp-json\/wp\/v2\/posts\/18589\/revisions\/18591"}],"wp:featuredmedia":[{"embeddable":true,"href":"https:\/\/conexiontotal.press\/index.php\/wp-json\/wp\/v2\/media\/18590"}],"wp:attachment":[{"href":"https:\/\/conexiontotal.press\/index.php\/wp-json\/wp\/v2\/media?parent=18589"}],"wp:term":[{"taxonomy":"category","embeddable":true,"href":"https:\/\/conexiontotal.press\/index.php\/wp-json\/wp\/v2\/categories?post=18589"},{"taxonomy":"post_tag","embeddable":true,"href":"https:\/\/conexiontotal.press\/index.php\/wp-json\/wp\/v2\/tags?post=18589"}],"curies":[{"name":"wp","href":"https:\/\/api.w.org\/{rel}","templated":true}]}}