{"id":18597,"date":"2025-01-02T15:50:47","date_gmt":"2025-01-02T21:50:47","guid":{"rendered":"https:\/\/conexiontotal.press\/?p=18597"},"modified":"2025-01-21T15:50:51","modified_gmt":"2025-01-21T21:50:51","slug":"cumplen-presidente-y-funcionarios-de-gobierno-de-victoria-con-pago-de-impuesto-predial","status":"publish","type":"post","link":"https:\/\/conexiontotal.press\/index.php\/2025\/01\/02\/cumplen-presidente-y-funcionarios-de-gobierno-de-victoria-con-pago-de-impuesto-predial\/","title":{"rendered":"Cumplen Presidente y funcionarios de Gobierno de Victoria con pago de impuesto predial"},"content":{"rendered":"<p data-reader-unique-id=\"1\"><strong data-reader-unique-id=\"2\">Ciudad Victoria, Tamaulipas. \u2013 <\/strong>Como ciudadano responsable y comprometido con la comunidad, el presidente municipal de Victoria Eduardo Gatt\u00e1s B\u00e1ez acudi\u00f3 este jueves 2 de enero a la Presidencia Municipal a cumplir con el pago de impuesto predial de su propiedad correspondiente al ejercicio fiscal 2025.<\/p>\n<p data-reader-unique-id=\"3\">En compa\u00f1\u00eda de su esposa Lucy Rodr\u00edguez de Gatt\u00e1s y funcionarios municipales, tom\u00f3 turno en la caja receptora, d\u00f3nde salud\u00f3 y agradeci\u00f3 a los contribuyentes por el pago oportuno de la contribuci\u00f3n que permitira al Gobierno Municipal brindar mejores servicios y obras en beneficio de la ciudad.<\/p>\n<p data-reader-unique-id=\"4\">\u201cPagamos nuestro impuesto predial para poner la muestra como ciudadano y como presidente municipal agradecer la confianza de los victorenses con su contribuci\u00f3n para seguir trabajando por nuestra ciudad. Este a\u00f1o esperamos una recaudaci\u00f3n de 20 por ciento m\u00e1s que en 2024 en el que se recaud\u00f3 m\u00e1s de 70 millones de pesos\u201d se\u00f1al\u00f3.<\/p>\n<p data-reader-unique-id=\"5\">Gatt\u00e1s B\u00e1ez, invit\u00f3 a la ciudadan\u00eda aprovechar la bonificaci\u00f3n del 15% durante enero y febrero, el descuento del 50% para jubilados, pensionados y personas de la tercera edad, 100% en condonaci\u00f3n de recargos y el apoyo patrimonial en caso de incendio o robo con violencia.<\/p>\n","protected":false},"excerpt":{"rendered":"<p>Ciudad Victoria, Tamaulipas. \u2013 Como ciudadano responsable y comprometido con la comunidad, el presidente municipal de Victoria Eduardo Gatt\u00e1s B\u00e1ez acudi\u00f3 este jueves 2 de enero a la Presidencia Municipal a cumplir con el pago de impuesto predial de su propiedad correspondiente al ejercicio fiscal 2025. En compa\u00f1\u00eda de su esposa Lucy Rodr\u00edguez de Gatt\u00e1s [&hellip;]<\/p>\n","protected":false},"author":4,"featured_media":18598,"comment_status":"closed","ping_status":"closed","sticky":false,"template":"","format":"standard","meta":{"footnotes":""},"categories":[3],"tags":[],"class_list":["post-18597","post","type-post","status-publish","format-standard","has-post-thumbnail","hentry","category-victoria"],"_links":{"self":[{"href":"https:\/\/conexiontotal.press\/index.php\/wp-json\/wp\/v2\/posts\/18597","targetHints":{"allow":["GET"]}}],"collection":[{"href":"https:\/\/conexiontotal.press\/index.php\/wp-json\/wp\/v2\/posts"}],"about":[{"href":"https:\/\/conexiontotal.press\/index.php\/wp-json\/wp\/v2\/types\/post"}],"author":[{"embeddable":true,"href":"https:\/\/conexiontotal.press\/index.php\/wp-json\/wp\/v2\/users\/4"}],"replies":[{"embeddable":true,"href":"https:\/\/conexiontotal.press\/index.php\/wp-json\/wp\/v2\/comments?post=18597"}],"version-history":[{"count":1,"href":"https:\/\/conexiontotal.press\/index.php\/wp-json\/wp\/v2\/posts\/18597\/revisions"}],"predecessor-version":[{"id":18599,"href":"https:\/\/conexiontotal.press\/index.php\/wp-json\/wp\/v2\/posts\/18597\/revisions\/18599"}],"wp:featuredmedia":[{"embeddable":true,"href":"https:\/\/conexiontotal.press\/index.php\/wp-json\/wp\/v2\/media\/18598"}],"wp:attachment":[{"href":"https:\/\/conexiontotal.press\/index.php\/wp-json\/wp\/v2\/media?parent=18597"}],"wp:term":[{"taxonomy":"category","embeddable":true,"href":"https:\/\/conexiontotal.press\/index.php\/wp-json\/wp\/v2\/categories?post=18597"},{"taxonomy":"post_tag","embeddable":true,"href":"https:\/\/conexiontotal.press\/index.php\/wp-json\/wp\/v2\/tags?post=18597"}],"curies":[{"name":"wp","href":"https:\/\/api.w.org\/{rel}","templated":true}]}}