{"id":18603,"date":"2025-01-21T15:58:40","date_gmt":"2025-01-21T21:58:40","guid":{"rendered":"https:\/\/conexiontotal.press\/?p=18603"},"modified":"2025-01-21T15:58:40","modified_gmt":"2025-01-21T21:58:40","slug":"pronostican-caida-de-nieve-y-aguanieve-en-la-frontera-chica","status":"publish","type":"post","link":"https:\/\/conexiontotal.press\/index.php\/2025\/01\/21\/pronostican-caida-de-nieve-y-aguanieve-en-la-frontera-chica\/","title":{"rendered":"Pronostican ca\u00edda de nieve y aguanieve en la Frontera chica"},"content":{"rendered":"<p data-reader-unique-id=\"1\">CIUDAD VICTORIA, TAMAULIPAS.- Para ma\u00f1ana martes 21 de enero, la coordinaci\u00f3n de Protecci\u00f3n Civil Tamaulipas y la agencia informativa Meteorolog\u00eda Tamaulipas pronosticaron la ca\u00edda de nieve y aguanieve en la Frontera Chica del estado.<\/p>\n<p data-reader-unique-id=\"2\">El ingreso de un frente de aire \u00e1rtico, combinado con la humedad proveniente del Golfo de M\u00e9xico, generar\u00e1 condiciones invernales extremas, lo que podr\u00eda provocar la ca\u00edda de nieve y aguanieve en municipios como Nuevo Laredo, Miguel Alem\u00e1n y D\u00edaz Ordaz, especialmente durante el martes.<\/p>\n<p data-reader-unique-id=\"6\">\u00abLa combinaci\u00f3n del aire \u00e1rtico y la humedad del Golfo de M\u00e9xico incrementar\u00e1n la probabilidad de aguanieve y nieve en la Frontera Chica, desde Nuevo Laredo hasta D\u00edaz Ordaz\u00bb, inform\u00f3 Meteorolog\u00eda Tamaulipas.<\/p>\n<p data-reader-unique-id=\"7\">Adem\u00e1s, se espera que haya \u00abprobabilidad de aguanieve en la zona norte, la Sierra de San Carlos y las serran\u00edas de Mainero, Villagr\u00e1n e Hidalgo\u00bb.<\/p>\n<p data-reader-unique-id=\"11\"><strong data-reader-unique-id=\"12\">Pron\u00f3stico por regiones y recomendaciones<\/strong><br data-reader-unique-id=\"13\" \/>Estas condiciones podr\u00edan impactar la movilidad y generar riesgos en las carreteras y comunidades rurales. Por ello, se exhorta a la poblaci\u00f3n a extremar precauciones y mantenerse atenta a las actualizaciones meteorol\u00f3gicas.<\/p>\n<p data-reader-unique-id=\"14\">Las autoridades han hecho un llamado a no difundir informaci\u00f3n alarmista o no oficial.<\/p>\n<p data-reader-unique-id=\"15\">Se recomienda a la ciudadan\u00eda seguir las cuentas oficiales de Protecci\u00f3n Civil para mantenerse informados a trav\u00e9s de fuentes confiables.<\/p>\n<p data-reader-unique-id=\"16\">Este pron\u00f3stico invernal es resultado de un monitoreo continuo y actualizado, por lo que se pide a la poblaci\u00f3n estar preparada ante posibles heladas y bajas temperaturas.<\/p>\n<p data-reader-unique-id=\"17\">Por Antonio H. Mandujano<\/p>\n","protected":false},"excerpt":{"rendered":"<p>CIUDAD VICTORIA, TAMAULIPAS.- Para ma\u00f1ana martes 21 de enero, la coordinaci\u00f3n de Protecci\u00f3n Civil Tamaulipas y la agencia informativa Meteorolog\u00eda Tamaulipas pronosticaron la ca\u00edda de nieve y aguanieve en la Frontera Chica del estado. El ingreso de un frente de aire \u00e1rtico, combinado con la humedad proveniente del Golfo de M\u00e9xico, generar\u00e1 condiciones invernales extremas, [&hellip;]<\/p>\n","protected":false},"author":4,"featured_media":18604,"comment_status":"closed","ping_status":"closed","sticky":false,"template":"","format":"standard","meta":{"footnotes":""},"categories":[3],"tags":[],"class_list":["post-18603","post","type-post","status-publish","format-standard","has-post-thumbnail","hentry","category-victoria"],"_links":{"self":[{"href":"https:\/\/conexiontotal.press\/index.php\/wp-json\/wp\/v2\/posts\/18603","targetHints":{"allow":["GET"]}}],"collection":[{"href":"https:\/\/conexiontotal.press\/index.php\/wp-json\/wp\/v2\/posts"}],"about":[{"href":"https:\/\/conexiontotal.press\/index.php\/wp-json\/wp\/v2\/types\/post"}],"author":[{"embeddable":true,"href":"https:\/\/conexiontotal.press\/index.php\/wp-json\/wp\/v2\/users\/4"}],"replies":[{"embeddable":true,"href":"https:\/\/conexiontotal.press\/index.php\/wp-json\/wp\/v2\/comments?post=18603"}],"version-history":[{"count":1,"href":"https:\/\/conexiontotal.press\/index.php\/wp-json\/wp\/v2\/posts\/18603\/revisions"}],"predecessor-version":[{"id":18605,"href":"https:\/\/conexiontotal.press\/index.php\/wp-json\/wp\/v2\/posts\/18603\/revisions\/18605"}],"wp:featuredmedia":[{"embeddable":true,"href":"https:\/\/conexiontotal.press\/index.php\/wp-json\/wp\/v2\/media\/18604"}],"wp:attachment":[{"href":"https:\/\/conexiontotal.press\/index.php\/wp-json\/wp\/v2\/media?parent=18603"}],"wp:term":[{"taxonomy":"category","embeddable":true,"href":"https:\/\/conexiontotal.press\/index.php\/wp-json\/wp\/v2\/categories?post=18603"},{"taxonomy":"post_tag","embeddable":true,"href":"https:\/\/conexiontotal.press\/index.php\/wp-json\/wp\/v2\/tags?post=18603"}],"curies":[{"name":"wp","href":"https:\/\/api.w.org\/{rel}","templated":true}]}}