{"id":18655,"date":"2025-01-21T13:48:50","date_gmt":"2025-01-21T19:48:50","guid":{"rendered":"https:\/\/conexiontotal.press\/?p=18655"},"modified":"2025-02-03T13:48:57","modified_gmt":"2025-02-03T19:48:57","slug":"impulsa-la-uat-el-desarrollo-de-habilidades-blandas-en-la-formacion-universitaria","status":"publish","type":"post","link":"https:\/\/conexiontotal.press\/index.php\/2025\/01\/21\/impulsa-la-uat-el-desarrollo-de-habilidades-blandas-en-la-formacion-universitaria\/","title":{"rendered":"Impulsa la UAT el desarrollo de habilidades blandas en la formaci\u00f3n universitaria\u00a0"},"content":{"rendered":"<p>El rector D\u00e1maso Anaya Alvarado puso en marcha las actividades del M\u00f3dulo 4 \u201cInteligencia Contextual\u201d del Diplomado &#8220;Estrategias Docentes para el Desarrollo de Habilidades Blandas en la Formaci\u00f3n Universitaria&#8221;, dirigido a docentes de la Universidad Aut\u00f3noma de Tamaulipas (UAT).<\/p>\n<p>Al dar la bienvenida a la sesi\u00f3n del diplomado que se imparte de manera virtual, el rector D\u00e1maso Anaya destac\u00f3 la importancia de promover este programa y fortalecer las estrategias del profesorado en la formaci\u00f3n de los universitarios.<\/p>\n<p>Resalt\u00f3 tambi\u00e9n el objetivo de que los estudiantes fortalezcan su inteligencia contextual y su capacidad de adaptaci\u00f3n e innovaci\u00f3n ante los desaf\u00edos y cambios sociales actuales.<\/p>\n<p>Se\u00f1al\u00f3 que las acciones de formaci\u00f3n de habilidades blandas en los universitarios se alinean a la pol\u00edtica educativa del gobernador Am\u00e9rico Villarreal, quien es el principal impulsor de la educaci\u00f3n como herramienta de transformaci\u00f3n social.<\/p>\n<p>Con estos esfuerzos, sostuvo que la UAT seguir\u00e1 avanzando y consolid\u00e1ndose como una instituci\u00f3n de referencia en el \u00e1mbito acad\u00e9mico y social.<\/p>\n<p>En este marco, exhort\u00f3 a los docentes a seguir inspirando a los estudiantes y a continuar fomentando un ambiente de aprendizaje inclusivo. A\u00f1adi\u00f3 que su papel como educadores es fundamental para el desarrollo integral de los j\u00f3venes.<\/p>\n<p>Puntualiz\u00f3 que este diplomado ha sido dise\u00f1ado con el objetivo de proporcionarles las herramientas y estrategias necesarias para fomentar las habilidades blandas en sus pr\u00e1cticas docentes y enriquecer \u00e1reas que impacten positivamente la vida de los estudiantes.<\/p>\n<p>Por su parte, la secretaria Acad\u00e9mica de la UAT, Rosa Issel Acosta Gonz\u00e1lez, coment\u00f3 el prop\u00f3sito de explorar mediante este m\u00f3dulo del diplomado, el concepto de inteligencia, sus teor\u00edas y las facultades cerebrales fundamentales, para optimizar su ense\u00f1anza y adaptarla a las necesidades de los estudiantes.<\/p>\n<p>El curso del m\u00f3dulo cuatro, fue impartido por la profesora-investigadora de la Facultad de Comercio, Administraci\u00f3n y Ciencias Sociales de Nuevo Laredo, Cynthia Ramos Monsiv\u00e1is.<\/p>\n","protected":false},"excerpt":{"rendered":"<p>El rector D\u00e1maso Anaya Alvarado puso en marcha las actividades del M\u00f3dulo 4 \u201cInteligencia Contextual\u201d del Diplomado &#8220;Estrategias Docentes para el Desarrollo de Habilidades Blandas en la Formaci\u00f3n Universitaria&#8221;, dirigido a docentes de la Universidad Aut\u00f3noma de Tamaulipas (UAT). Al dar la bienvenida a la sesi\u00f3n del diplomado que se imparte de manera virtual, el [&hellip;]<\/p>\n","protected":false},"author":4,"featured_media":18656,"comment_status":"closed","ping_status":"closed","sticky":false,"template":"","format":"standard","meta":{"footnotes":""},"categories":[3],"tags":[],"class_list":["post-18655","post","type-post","status-publish","format-standard","has-post-thumbnail","hentry","category-victoria"],"_links":{"self":[{"href":"https:\/\/conexiontotal.press\/index.php\/wp-json\/wp\/v2\/posts\/18655","targetHints":{"allow":["GET"]}}],"collection":[{"href":"https:\/\/conexiontotal.press\/index.php\/wp-json\/wp\/v2\/posts"}],"about":[{"href":"https:\/\/conexiontotal.press\/index.php\/wp-json\/wp\/v2\/types\/post"}],"author":[{"embeddable":true,"href":"https:\/\/conexiontotal.press\/index.php\/wp-json\/wp\/v2\/users\/4"}],"replies":[{"embeddable":true,"href":"https:\/\/conexiontotal.press\/index.php\/wp-json\/wp\/v2\/comments?post=18655"}],"version-history":[{"count":1,"href":"https:\/\/conexiontotal.press\/index.php\/wp-json\/wp\/v2\/posts\/18655\/revisions"}],"predecessor-version":[{"id":18657,"href":"https:\/\/conexiontotal.press\/index.php\/wp-json\/wp\/v2\/posts\/18655\/revisions\/18657"}],"wp:featuredmedia":[{"embeddable":true,"href":"https:\/\/conexiontotal.press\/index.php\/wp-json\/wp\/v2\/media\/18656"}],"wp:attachment":[{"href":"https:\/\/conexiontotal.press\/index.php\/wp-json\/wp\/v2\/media?parent=18655"}],"wp:term":[{"taxonomy":"category","embeddable":true,"href":"https:\/\/conexiontotal.press\/index.php\/wp-json\/wp\/v2\/categories?post=18655"},{"taxonomy":"post_tag","embeddable":true,"href":"https:\/\/conexiontotal.press\/index.php\/wp-json\/wp\/v2\/tags?post=18655"}],"curies":[{"name":"wp","href":"https:\/\/api.w.org\/{rel}","templated":true}]}}