{"id":18667,"date":"2025-01-25T13:59:02","date_gmt":"2025-01-25T19:59:02","guid":{"rendered":"https:\/\/conexiontotal.press\/?p=18667"},"modified":"2025-02-03T13:59:13","modified_gmt":"2025-02-03T19:59:13","slug":"invita-la-uat-a-participar-en-clases-de-ritmos-latinos","status":"publish","type":"post","link":"https:\/\/conexiontotal.press\/index.php\/2025\/01\/25\/invita-la-uat-a-participar-en-clases-de-ritmos-latinos\/","title":{"rendered":"Invita la UAT a participar en clases de Ritmos Latinos\u00a0"},"content":{"rendered":"<p>La Direcci\u00f3n de Cultura y Arte de la Universidad Aut\u00f3noma de Tamaulipas (UAT) ha organizado clases gratuitas de Ritmos Latinos, con el objetivo de proporcionar a la comunidad universitaria un espacio de recreaci\u00f3n y aprendizaje cultural.<\/p>\n<p>Las clases se llevar\u00e1n a cabo el lunes 27 y mi\u00e9rcoles 29 de enero de 2025, en dos horarios: de 8:00 a 9:00 a. m. y de 9:00 a 10:00 a. m., en las instalaciones de la Direcci\u00f3n de Cultura y Arte, ubicadas en el Centro Universitario Victoria.<\/p>\n<p>La invitaci\u00f3n est\u00e1 abierta a toda la comunidad universitaria, sin necesidad de experiencia previa en baile.<\/p>\n<p>Los participantes solo deben acudir con ropa c\u00f3moda y disposici\u00f3n para disfrutar del ritmo y la energ\u00eda de la m\u00fasica latina.<\/p>\n<p>El taller ser\u00e1 dirigido por el maestro Daniel Arcos, quien abordar\u00e1 la diversidad de las danzas latinas y c\u00f3mo estas forman parte del patrimonio cultural global, en un espacio donde los participantes podr\u00e1n disfrutar, aprender y conectar con la cultura mediante la danza.<\/p>\n<p>Para m\u00e1s informaci\u00f3n o para registrar su participaci\u00f3n, los interesados pueden acudir directamente a las instalaciones de Cultura y Arte o comunicarse al tel\u00e9fono 834 318 1717 y 834 318 1800, extensi\u00f3n 2692.<\/p>\n","protected":false},"excerpt":{"rendered":"<p>La Direcci\u00f3n de Cultura y Arte de la Universidad Aut\u00f3noma de Tamaulipas (UAT) ha organizado clases gratuitas de Ritmos Latinos, con el objetivo de proporcionar a la comunidad universitaria un espacio de recreaci\u00f3n y aprendizaje cultural. Las clases se llevar\u00e1n a cabo el lunes 27 y mi\u00e9rcoles 29 de enero de 2025, en dos horarios: [&hellip;]<\/p>\n","protected":false},"author":4,"featured_media":18668,"comment_status":"closed","ping_status":"closed","sticky":false,"template":"","format":"standard","meta":{"footnotes":""},"categories":[3],"tags":[],"class_list":["post-18667","post","type-post","status-publish","format-standard","has-post-thumbnail","hentry","category-victoria"],"_links":{"self":[{"href":"https:\/\/conexiontotal.press\/index.php\/wp-json\/wp\/v2\/posts\/18667","targetHints":{"allow":["GET"]}}],"collection":[{"href":"https:\/\/conexiontotal.press\/index.php\/wp-json\/wp\/v2\/posts"}],"about":[{"href":"https:\/\/conexiontotal.press\/index.php\/wp-json\/wp\/v2\/types\/post"}],"author":[{"embeddable":true,"href":"https:\/\/conexiontotal.press\/index.php\/wp-json\/wp\/v2\/users\/4"}],"replies":[{"embeddable":true,"href":"https:\/\/conexiontotal.press\/index.php\/wp-json\/wp\/v2\/comments?post=18667"}],"version-history":[{"count":1,"href":"https:\/\/conexiontotal.press\/index.php\/wp-json\/wp\/v2\/posts\/18667\/revisions"}],"predecessor-version":[{"id":18669,"href":"https:\/\/conexiontotal.press\/index.php\/wp-json\/wp\/v2\/posts\/18667\/revisions\/18669"}],"wp:featuredmedia":[{"embeddable":true,"href":"https:\/\/conexiontotal.press\/index.php\/wp-json\/wp\/v2\/media\/18668"}],"wp:attachment":[{"href":"https:\/\/conexiontotal.press\/index.php\/wp-json\/wp\/v2\/media?parent=18667"}],"wp:term":[{"taxonomy":"category","embeddable":true,"href":"https:\/\/conexiontotal.press\/index.php\/wp-json\/wp\/v2\/categories?post=18667"},{"taxonomy":"post_tag","embeddable":true,"href":"https:\/\/conexiontotal.press\/index.php\/wp-json\/wp\/v2\/tags?post=18667"}],"curies":[{"name":"wp","href":"https:\/\/api.w.org\/{rel}","templated":true}]}}