{"id":18707,"date":"2025-02-06T19:06:12","date_gmt":"2025-02-07T01:06:12","guid":{"rendered":"https:\/\/conexiontotal.press\/?p=18707"},"modified":"2025-02-06T19:06:12","modified_gmt":"2025-02-07T01:06:12","slug":"se-integra-nora-garcia-a-movimiento-ciudadano","status":"publish","type":"post","link":"https:\/\/conexiontotal.press\/index.php\/2025\/02\/06\/se-integra-nora-garcia-a-movimiento-ciudadano\/","title":{"rendered":"Se integra Nora Garc\u00eda a Movimiento Ciudadano"},"content":{"rendered":"<p>VICTORIA, Tamaulipas.- Movimiento Ciudadano Tamaulipas anunci\u00f3 la incorporaci\u00f3n a sus filas de la economista, activista social y regidora victorense Nora Marianela Garc\u00eda Rodr\u00edguez.<\/p>\n<p>El Dirigente Nacional del partido, Jorge \u00c1lvarez Maynez, recibi\u00f3 a la victorense en las instalaciones del Comit\u00e9 Ejecutivo Nacional del partido y tuvieron la oportunidad de dialogar sobre los objetivos a cumplir.<\/p>\n<p>Mientras que el dirigente Estatal del partido pol\u00edtico en Tamaulipas, Roberto Lee, se mantiene sumando perfiles<span class=\"Apple-converted-space\">\u00a0 <\/span>que representen una alternativa para los ciudadanos.<\/p>\n<p>Lee reconoci\u00f3 el trabajo que ha realizado la regidora Nora Marianela Garc\u00eda Rodr\u00edguez en su encomienda, y le agradeci\u00f3 que haya aceptado la invitaci\u00f3n a incorporarse a la bancada de Movimiento Ciudadano en Victoria.<\/p>\n<p>En el evento tambi\u00e9n estuvieron presentes los regidores de Movimiento Ciudadano en el cabildo de Victoria, Melisa Mireles y Daniel P\u00e9rez.<\/p>\n<p>DANIEL R\u00cdOS<\/p>\n<p>EXPRESO<span class=\"Apple-converted-space\">\u00a0<\/span><\/p>\n","protected":false},"excerpt":{"rendered":"<p>VICTORIA, Tamaulipas.- Movimiento Ciudadano Tamaulipas anunci\u00f3 la incorporaci\u00f3n a sus filas de la economista, activista social y regidora victorense Nora Marianela Garc\u00eda Rodr\u00edguez. El Dirigente Nacional del partido, Jorge \u00c1lvarez Maynez, recibi\u00f3 a la victorense en las instalaciones del Comit\u00e9 Ejecutivo Nacional del partido y tuvieron la oportunidad de dialogar sobre los objetivos a cumplir. [&hellip;]<\/p>\n","protected":false},"author":4,"featured_media":18708,"comment_status":"closed","ping_status":"closed","sticky":false,"template":"","format":"standard","meta":{"footnotes":""},"categories":[3],"tags":[],"class_list":["post-18707","post","type-post","status-publish","format-standard","has-post-thumbnail","hentry","category-victoria"],"_links":{"self":[{"href":"https:\/\/conexiontotal.press\/index.php\/wp-json\/wp\/v2\/posts\/18707","targetHints":{"allow":["GET"]}}],"collection":[{"href":"https:\/\/conexiontotal.press\/index.php\/wp-json\/wp\/v2\/posts"}],"about":[{"href":"https:\/\/conexiontotal.press\/index.php\/wp-json\/wp\/v2\/types\/post"}],"author":[{"embeddable":true,"href":"https:\/\/conexiontotal.press\/index.php\/wp-json\/wp\/v2\/users\/4"}],"replies":[{"embeddable":true,"href":"https:\/\/conexiontotal.press\/index.php\/wp-json\/wp\/v2\/comments?post=18707"}],"version-history":[{"count":1,"href":"https:\/\/conexiontotal.press\/index.php\/wp-json\/wp\/v2\/posts\/18707\/revisions"}],"predecessor-version":[{"id":18709,"href":"https:\/\/conexiontotal.press\/index.php\/wp-json\/wp\/v2\/posts\/18707\/revisions\/18709"}],"wp:featuredmedia":[{"embeddable":true,"href":"https:\/\/conexiontotal.press\/index.php\/wp-json\/wp\/v2\/media\/18708"}],"wp:attachment":[{"href":"https:\/\/conexiontotal.press\/index.php\/wp-json\/wp\/v2\/media?parent=18707"}],"wp:term":[{"taxonomy":"category","embeddable":true,"href":"https:\/\/conexiontotal.press\/index.php\/wp-json\/wp\/v2\/categories?post=18707"},{"taxonomy":"post_tag","embeddable":true,"href":"https:\/\/conexiontotal.press\/index.php\/wp-json\/wp\/v2\/tags?post=18707"}],"curies":[{"name":"wp","href":"https:\/\/api.w.org\/{rel}","templated":true}]}}