{"id":18911,"date":"2025-03-08T12:51:03","date_gmt":"2025-03-08T18:51:03","guid":{"rendered":"https:\/\/conexiontotal.press\/?p=18911"},"modified":"2025-03-11T12:51:08","modified_gmt":"2025-03-11T18:51:08","slug":"la-uat-ofrecio-a-sus-universitarias-el-recital-voces-violeta","status":"publish","type":"post","link":"https:\/\/conexiontotal.press\/index.php\/2025\/03\/08\/la-uat-ofrecio-a-sus-universitarias-el-recital-voces-violeta\/","title":{"rendered":"La UAT ofreci\u00f3 a sus universitarias el recital \u201cVoces Violeta\u201d\u00a0"},"content":{"rendered":"<p>La Universidad Aut\u00f3noma de Tamaulipas (UAT) llev\u00f3 a cabo la presentaci\u00f3n del recital &#8220;Voces Violeta&#8221;, dirigido a estudiantes universitarias, en un espacio de lecturas y canciones que reflejan el papel de la mujer en la sociedad y su lucha por la equidad.<\/p>\n<p>Esta iniciativa se ha presentado en diversas facultades y escenarios de la UAT, en Ciudad Victoria y Tampico, permitiendo que la comunidad universitaria y el p\u00fablico en general reflexionen sobre la importancia del arte como medio de expresi\u00f3n y transformaci\u00f3n social. Durante el recital, las artistas universitarias dan voz a textos de pensadoras y activistas feministas de distintas \u00e9pocas, en una instalaci\u00f3n sonora, visual y textual que resalta la presencia y la fuerza de la mujer en la cultura.<\/p>\n<p>La presentaci\u00f3n de esta actividad forma parte de la Agenda Universitaria 8M \u201cMujeres que Inspiran\u201d, y que, con motivo del D\u00eda Internacional de la Mujer, el rector de la UAT, D\u00e1maso Anaya Alvarado, ha manifestado un mensaje destacando que la Universidad sigue generando espacios de expresi\u00f3n y participaci\u00f3n para sus estudiantes, consolidando el arte y la cultura como herramientas fundamentales para el desarrollo humano y social.<\/p>\n<p>De la misma manera, ha reiterado la importancia de impulsar las iniciativas que aseguren el desarrollo pleno de las mujeres universitarias, creando una red s\u00f3lida que impulse su liderazgo y bienestar.<\/p>\n<p>&#8220;Voces Violeta\u201d fue organizado por la Direcci\u00f3n de Cultura y Arte UAT, con presentaciones del 4 al 7 de marzo, en las facultades y unidades acad\u00e9micas de Ciudad Victoria, as\u00ed como en planteles y diversos espacios del Centro Universitario Sur (Campus Tampico).<\/p>\n<p>A trav\u00e9s de este tipo de actividades y muchas otras realizadas en el marco del 8M, la UAT reafirma su compromiso con la promoci\u00f3n de la cultura y el fortalecimiento de la participaci\u00f3n femenina en el arte, brindando espacios donde las estudiantes tienen la oportunidad de compartir sus voces y generar un impacto positivo en su entorno.<\/p>\n<p>&nbsp;<\/p>\n","protected":false},"excerpt":{"rendered":"<p>La Universidad Aut\u00f3noma de Tamaulipas (UAT) llev\u00f3 a cabo la presentaci\u00f3n del recital &#8220;Voces Violeta&#8221;, dirigido a estudiantes universitarias, en un espacio de lecturas y canciones que reflejan el papel de la mujer en la sociedad y su lucha por la equidad. Esta iniciativa se ha presentado en diversas facultades y escenarios de la UAT, [&hellip;]<\/p>\n","protected":false},"author":4,"featured_media":18912,"comment_status":"closed","ping_status":"closed","sticky":false,"template":"","format":"standard","meta":{"footnotes":""},"categories":[3],"tags":[],"class_list":["post-18911","post","type-post","status-publish","format-standard","has-post-thumbnail","hentry","category-victoria"],"_links":{"self":[{"href":"https:\/\/conexiontotal.press\/index.php\/wp-json\/wp\/v2\/posts\/18911","targetHints":{"allow":["GET"]}}],"collection":[{"href":"https:\/\/conexiontotal.press\/index.php\/wp-json\/wp\/v2\/posts"}],"about":[{"href":"https:\/\/conexiontotal.press\/index.php\/wp-json\/wp\/v2\/types\/post"}],"author":[{"embeddable":true,"href":"https:\/\/conexiontotal.press\/index.php\/wp-json\/wp\/v2\/users\/4"}],"replies":[{"embeddable":true,"href":"https:\/\/conexiontotal.press\/index.php\/wp-json\/wp\/v2\/comments?post=18911"}],"version-history":[{"count":1,"href":"https:\/\/conexiontotal.press\/index.php\/wp-json\/wp\/v2\/posts\/18911\/revisions"}],"predecessor-version":[{"id":18913,"href":"https:\/\/conexiontotal.press\/index.php\/wp-json\/wp\/v2\/posts\/18911\/revisions\/18913"}],"wp:featuredmedia":[{"embeddable":true,"href":"https:\/\/conexiontotal.press\/index.php\/wp-json\/wp\/v2\/media\/18912"}],"wp:attachment":[{"href":"https:\/\/conexiontotal.press\/index.php\/wp-json\/wp\/v2\/media?parent=18911"}],"wp:term":[{"taxonomy":"category","embeddable":true,"href":"https:\/\/conexiontotal.press\/index.php\/wp-json\/wp\/v2\/categories?post=18911"},{"taxonomy":"post_tag","embeddable":true,"href":"https:\/\/conexiontotal.press\/index.php\/wp-json\/wp\/v2\/tags?post=18911"}],"curies":[{"name":"wp","href":"https:\/\/api.w.org\/{rel}","templated":true}]}}