{"id":18938,"date":"2025-03-12T21:30:44","date_gmt":"2025-03-13T03:30:44","guid":{"rendered":"https:\/\/conexiontotal.press\/?p=18938"},"modified":"2025-03-12T21:30:44","modified_gmt":"2025-03-13T03:30:44","slug":"radio-y-tv-tamaulipas-se-moderniza-y-fortalece","status":"publish","type":"post","link":"https:\/\/conexiontotal.press\/index.php\/2025\/03\/12\/radio-y-tv-tamaulipas-se-moderniza-y-fortalece\/","title":{"rendered":"\u00a0Radio y TV Tamaulipas se moderniza y fortalece"},"content":{"rendered":"<p>VICTORIA, Tamps.- El Sistema Estatal de Radio y Televisi\u00f3n Tamaulipas que dirige Ulises Brito Aguilar, present\u00f3 su Informe Anual de Actividades, donde se destacaron los logros alcanzados. <span class=\"Apple-converted-space\">\u00a0<\/span><\/p>\n<p>La generaci\u00f3n de contenidos de inter\u00e9s p\u00fablico, la gesti\u00f3n de recursos p\u00fablicos, la mejora regulatoria, el fortalecimiento de la comunicaci\u00f3n plural e incluyente y la modernizaci\u00f3n de las instalaciones, son algunos de los logros queda tenido durante los \u00faltimos doce meses el Sistema Estatal de Radio y Televisi\u00f3n Tamaulipas<\/p>\n<p>El director general del Organismo Ulises Brito Aguilar, enfatiz\u00f3 que \u201cEl 2024 ha representado un parteaguas en la transformaci\u00f3n del Sistema Estatal de Radio y Televisi\u00f3n Tamaulipas, marcando una evoluci\u00f3n significativa respecto al a\u00f1o anterior\u201d.<\/p>\n<p>\u201cEstos avances consolidan a la entidad como referente en comunicaci\u00f3n p\u00fablica, incorporando tecnolog\u00edas convergentes para atender las necesidades de una sociedad en constante cambio\u201d.<\/p>\n<p>En el contexto de la evoluci\u00f3n, el Sistema gestion\u00f3 ante el Instituto Federal de Telecomunicaciones dos importantes recursos estrat\u00e9gicos: la concesi\u00f3n de un canal de televisi\u00f3n digital terrestre de car\u00e1cter p\u00fablico y la solicitud de una nueva frecuencia de radio para la zona de San Fernando, con el fin de ampliar la cobertura informativa en regiones hist\u00f3ricamente afectadas por limitaciones de conectividad.<\/p>\n<p>Adem\u00e1s, el Sistema se integr\u00f3 a la Red Nacional de Medios P\u00fablicos, permitiendo la creaci\u00f3n de alianzas con organismos estatales y federales.<span class=\"Apple-converted-space\">\u00a0<\/span><\/p>\n<p>En la sesi\u00f3n el informe anual, se destac\u00f3 tambi\u00e9n el respaldo del gobernador Am\u00e9rico Villarreal Anaya, quien aprob\u00f3 un presupuesto hist\u00f3rico para la renovaci\u00f3n de las instalaciones del Sistema, que operaban en condiciones precarias desde hac\u00eda dos d\u00e9cadas.<\/p>\n<p>DANIEL R\u00cdOS<span class=\"Apple-converted-space\">\u00a0<\/span><\/p>\n<p>EXPRESO<span class=\"Apple-converted-space\">\u00a0<\/span><\/p>\n","protected":false},"excerpt":{"rendered":"<p>VICTORIA, Tamps.- El Sistema Estatal de Radio y Televisi\u00f3n Tamaulipas que dirige Ulises Brito Aguilar, present\u00f3 su Informe Anual de Actividades, donde se destacaron los logros alcanzados. \u00a0 La generaci\u00f3n de contenidos de inter\u00e9s p\u00fablico, la gesti\u00f3n de recursos p\u00fablicos, la mejora regulatoria, el fortalecimiento de la comunicaci\u00f3n plural e incluyente y la modernizaci\u00f3n de [&hellip;]<\/p>\n","protected":false},"author":4,"featured_media":18939,"comment_status":"closed","ping_status":"closed","sticky":false,"template":"","format":"standard","meta":{"footnotes":""},"categories":[3],"tags":[],"class_list":["post-18938","post","type-post","status-publish","format-standard","has-post-thumbnail","hentry","category-victoria"],"_links":{"self":[{"href":"https:\/\/conexiontotal.press\/index.php\/wp-json\/wp\/v2\/posts\/18938","targetHints":{"allow":["GET"]}}],"collection":[{"href":"https:\/\/conexiontotal.press\/index.php\/wp-json\/wp\/v2\/posts"}],"about":[{"href":"https:\/\/conexiontotal.press\/index.php\/wp-json\/wp\/v2\/types\/post"}],"author":[{"embeddable":true,"href":"https:\/\/conexiontotal.press\/index.php\/wp-json\/wp\/v2\/users\/4"}],"replies":[{"embeddable":true,"href":"https:\/\/conexiontotal.press\/index.php\/wp-json\/wp\/v2\/comments?post=18938"}],"version-history":[{"count":1,"href":"https:\/\/conexiontotal.press\/index.php\/wp-json\/wp\/v2\/posts\/18938\/revisions"}],"predecessor-version":[{"id":18940,"href":"https:\/\/conexiontotal.press\/index.php\/wp-json\/wp\/v2\/posts\/18938\/revisions\/18940"}],"wp:featuredmedia":[{"embeddable":true,"href":"https:\/\/conexiontotal.press\/index.php\/wp-json\/wp\/v2\/media\/18939"}],"wp:attachment":[{"href":"https:\/\/conexiontotal.press\/index.php\/wp-json\/wp\/v2\/media?parent=18938"}],"wp:term":[{"taxonomy":"category","embeddable":true,"href":"https:\/\/conexiontotal.press\/index.php\/wp-json\/wp\/v2\/categories?post=18938"},{"taxonomy":"post_tag","embeddable":true,"href":"https:\/\/conexiontotal.press\/index.php\/wp-json\/wp\/v2\/tags?post=18938"}],"curies":[{"name":"wp","href":"https:\/\/api.w.org\/{rel}","templated":true}]}}