{"id":18975,"date":"2025-03-17T13:13:50","date_gmt":"2025-03-17T19:13:50","guid":{"rendered":"https:\/\/conexiontotal.press\/?p=18975"},"modified":"2025-03-17T13:13:50","modified_gmt":"2025-03-17T19:13:50","slug":"advierten-que-viene-un-verano-muy-caliente","status":"publish","type":"post","link":"https:\/\/conexiontotal.press\/index.php\/2025\/03\/17\/advierten-que-viene-un-verano-muy-caliente\/","title":{"rendered":"Advierten que viene un verano \u201cmuy caliente\u201d"},"content":{"rendered":"<p data-reader-unique-id=\"1\">CIUDAD VICTORIA, TAMAULIPAS.- Estudios clim\u00e1ticos efectuados por la Secretar\u00eda Desarrollo Urbano y Medio Ambiente (SEDUMA) en Tamaulipas, advierten qu\u00e9 este verano (2025) sea m\u00e1s caliente que el a\u00f1o pasado.<\/p>\n<p data-reader-unique-id=\"2\">Los an\u00e1lisis clim\u00e1ticos prev\u00e9n una temporada m\u00e1s prolongada y calurosa de lo habitual, detallando tambi\u00e9n como es que en los pr\u00f3ximos a\u00f1os se espera un incremento en la temperatura media de entre 0.2 y 0.3 grados cent\u00edgrados y esto, sumado a la can\u00edcula, podr\u00eda elevar las temperaturas diurnas a niveles sofocantes.<\/p>\n<p data-reader-unique-id=\"5\">Por tanto, las noches frescas podr\u00edan convertirse en un recuerdo lejano para los tamaulipecos en pr\u00f3ximos meses si es que se cumple lo pronosticado.<\/p>\n<p data-reader-unique-id=\"6\">Adem\u00e1s la posible falta de lluvias tambi\u00e9n har\u00edan una temporada cr\u00edtica con temperaturas que superar\u00e1n los 40\u00b0C durante el d\u00eda y un ambiente que apenas se refrescar\u00e1 por la noche.<\/p>\n<p data-reader-unique-id=\"9\">\u201cSe han tenido temperaturas entre los 40 y 50 grados, hemos tenido d\u00edas de bastante calor, pero aqu\u00ed lo m\u00e1s cr\u00edtico yo creo, m\u00e1s que la temperatura se eleve tanto en el transcurso del d\u00eda, es que en las noches no baja tanto\u00bb.<\/p>\n<p data-reader-unique-id=\"10\">\u00abA veces nos pega m\u00e1s que las noches tambi\u00e9n son bastante c\u00e1lidas y eso hace que pr\u00e1cticamente no se refresque\u201d, explic\u00f3 Humberto Calder\u00f3n Z\u00fa\u00f1iga, director de Pol\u00edticas para el Cambio Clim\u00e1tico de la SEDUMA.<\/p>\n<p data-reader-unique-id=\"11\">Entonces Tamaulipas ser\u00eda uno de los lugares m\u00e1s calientes de la Rep\u00fablica Mexicana a comparaci\u00f3n de otras regiones semi\u00e1ridas del pa\u00eds, como Hermosillo o Saltillo, donde las noches traen un ligero respiro, situaci\u00f3n que no se registrar\u00eda en nuestra Entidad.<\/p>\n<p data-reader-unique-id=\"12\">\u201cLo que hemos estado viendo, la temperatura sube, aqu\u00ed lo que indico es cuando son d\u00edas continuos con temperaturas muy altas, porque si puede subir un d\u00eda mucho la temperatura y el d\u00eda siguiente se regula un poco baja, no se siente tanto\u00bb.<\/p>\n<p data-reader-unique-id=\"13\">\u00abPero ya cuando tenemos d\u00edas continuos arriba de 40 grados y que de noche no baja tanto es donde realmente se siente el calor fuerte\u201d, advirti\u00f3.<\/p>\n<p data-reader-unique-id=\"14\">El \u00fanico alivio posible, indic\u00f3 el especialista, ser\u00eda la presencia de lluvias, aunque los pron\u00f3sticos no son alentadores, mientras tanto, Tamaulipas se prepara para un verano donde el calor sofocante ser\u00e1 el protagonista las 24 horas del d\u00eda.<\/p>\n<p data-reader-unique-id=\"15\">Por Antonio H. Mandujano<\/p>\n","protected":false},"excerpt":{"rendered":"<p>CIUDAD VICTORIA, TAMAULIPAS.- Estudios clim\u00e1ticos efectuados por la Secretar\u00eda Desarrollo Urbano y Medio Ambiente (SEDUMA) en Tamaulipas, advierten qu\u00e9 este verano (2025) sea m\u00e1s caliente que el a\u00f1o pasado. Los an\u00e1lisis clim\u00e1ticos prev\u00e9n una temporada m\u00e1s prolongada y calurosa de lo habitual, detallando tambi\u00e9n como es que en los pr\u00f3ximos a\u00f1os se espera un incremento [&hellip;]<\/p>\n","protected":false},"author":4,"featured_media":18976,"comment_status":"closed","ping_status":"closed","sticky":false,"template":"","format":"standard","meta":{"footnotes":""},"categories":[3],"tags":[],"class_list":["post-18975","post","type-post","status-publish","format-standard","has-post-thumbnail","hentry","category-victoria"],"_links":{"self":[{"href":"https:\/\/conexiontotal.press\/index.php\/wp-json\/wp\/v2\/posts\/18975","targetHints":{"allow":["GET"]}}],"collection":[{"href":"https:\/\/conexiontotal.press\/index.php\/wp-json\/wp\/v2\/posts"}],"about":[{"href":"https:\/\/conexiontotal.press\/index.php\/wp-json\/wp\/v2\/types\/post"}],"author":[{"embeddable":true,"href":"https:\/\/conexiontotal.press\/index.php\/wp-json\/wp\/v2\/users\/4"}],"replies":[{"embeddable":true,"href":"https:\/\/conexiontotal.press\/index.php\/wp-json\/wp\/v2\/comments?post=18975"}],"version-history":[{"count":1,"href":"https:\/\/conexiontotal.press\/index.php\/wp-json\/wp\/v2\/posts\/18975\/revisions"}],"predecessor-version":[{"id":18977,"href":"https:\/\/conexiontotal.press\/index.php\/wp-json\/wp\/v2\/posts\/18975\/revisions\/18977"}],"wp:featuredmedia":[{"embeddable":true,"href":"https:\/\/conexiontotal.press\/index.php\/wp-json\/wp\/v2\/media\/18976"}],"wp:attachment":[{"href":"https:\/\/conexiontotal.press\/index.php\/wp-json\/wp\/v2\/media?parent=18975"}],"wp:term":[{"taxonomy":"category","embeddable":true,"href":"https:\/\/conexiontotal.press\/index.php\/wp-json\/wp\/v2\/categories?post=18975"},{"taxonomy":"post_tag","embeddable":true,"href":"https:\/\/conexiontotal.press\/index.php\/wp-json\/wp\/v2\/tags?post=18975"}],"curies":[{"name":"wp","href":"https:\/\/api.w.org\/{rel}","templated":true}]}}