{"id":18982,"date":"2025-03-20T15:55:49","date_gmt":"2025-03-20T21:55:49","guid":{"rendered":"https:\/\/conexiontotal.press\/?p=18982"},"modified":"2025-03-20T15:55:49","modified_gmt":"2025-03-20T21:55:49","slug":"bruce-willis-cumplio-70-anos-y-asi-fue-la-celebracion","status":"publish","type":"post","link":"https:\/\/conexiontotal.press\/index.php\/2025\/03\/20\/bruce-willis-cumplio-70-anos-y-asi-fue-la-celebracion\/","title":{"rendered":"Bruce Willis cumpli\u00f3 70 a\u00f1os y as\u00ed fue la celebraci\u00f3n"},"content":{"rendered":"<p>CIUDAD DE M\u00c9XICO.- Ayer, 19 de marzo de 2025, el reconocido actor de pel\u00edculas de acci\u00f3n Bruce Willis celebr\u00f3 su 70 cumplea\u00f1os. A pesar de su diagn\u00f3stico de demencia frontotemporal, la estrella de Hollywood disfrut\u00f3 de una emotiva celebraci\u00f3n rodeado del cari\u00f1o de su familia.<\/p>\n<p>Las redes sociales se llenaron de im\u00e1genes y mensajes que reflejaron la uni\u00f3n y el amor que caracterizan a la familia de Bruce Willis en el cumplea\u00f1os 70 del actor. As\u00ed celebraron al \u00edcono del cine.<\/p>\n<p>Demi Moore comparte momentos con Bruce Willis<\/p>\n<p>Demi Moore, exesposa de Bruce Willis, utiliz\u00f3 su cuenta de Instagram para compartir con sus seguidores fotograf\u00edas y videos de la celebraci\u00f3n del cumplea\u00f1os del actor, fecha que estuvo llena de amor y cari\u00f1o.<\/p>\n<div id=\"div-gpt-ad-81562907-3\" data-google-query-id=\"CLWQwYjSmYwDFfsNigMdMP8Gpw\">\n<div id=\"google_ads_iframe_\/21682791461\/ExPress2\/Express_300x250_2_0__container__\"><\/div>\n<\/div>\n<p><img loading=\"lazy\" decoding=\"async\" class=\"alignnone size-medium wp-image-734822\" src=\"https:\/\/cdn.expreso.press\/2025\/03\/img_7225-155x187.jpg\" sizes=\"auto, (max-width: 155px) 100vw, 155px\" srcset=\"https:\/\/cdn.expreso.press\/2025\/03\/img_7225-155x187.jpg 155w, https:\/\/cdn.expreso.press\/2025\/03\/img_7225-851x1024.jpg 851w, https:\/\/cdn.expreso.press\/2025\/03\/img_7225-768x924.jpg 768w, https:\/\/cdn.expreso.press\/2025\/03\/img_7225.jpg 960w\" alt=\"\" width=\"155\" height=\"187\" \/><\/p>\n<p>En las im\u00e1genes, se puede ver al actor siendo abrazado por sus hijas Rumer, Scout y Tallulah, as\u00ed como por la propia Moore, reflejando la cercan\u00eda y el afecto que mantienen a pesar de su separaci\u00f3n. Adem\u00e1s, se observa a Willis en tiernos momentos con su nieta Louetta, a quien abraza y besa con evidente cari\u00f1o.<\/p>\n<p><img loading=\"lazy\" decoding=\"async\" class=\"alignnone size-medium wp-image-734823\" src=\"https:\/\/cdn.expreso.press\/2025\/03\/img_7227-153x187.jpg\" sizes=\"auto, (max-width: 153px) 100vw, 153px\" srcset=\"https:\/\/cdn.expreso.press\/2025\/03\/img_7227-153x187.jpg 153w, https:\/\/cdn.expreso.press\/2025\/03\/img_7227-839x1024.jpg 839w, https:\/\/cdn.expreso.press\/2025\/03\/img_7227-768x938.jpg 768w, https:\/\/cdn.expreso.press\/2025\/03\/img_7227.jpg 960w\" alt=\"\" width=\"153\" height=\"187\" \/><\/p>\n<p>Uno de los momentos m\u00e1s destacados compartidos por Rumer fue un video en el que se ve a Bruce Willis bailando y bromeando junto a Demi Moore, como si estuvieran present\u00e1ndose en un musical de Broadway.<\/p>\n<p><img loading=\"lazy\" decoding=\"async\" class=\"alignnone size-medium wp-image-734824\" src=\"https:\/\/cdn.expreso.press\/2025\/03\/captura_de_pantalla_2025-03-20_114650-156x187.jpg\" sizes=\"auto, (max-width: 156px) 100vw, 156px\" srcset=\"https:\/\/cdn.expreso.press\/2025\/03\/captura_de_pantalla_2025-03-20_114650-156x187.jpg 156w, https:\/\/cdn.expreso.press\/2025\/03\/captura_de_pantalla_2025-03-20_114650.jpg 681w\" alt=\"\" width=\"156\" height=\"187\" \/><\/p>\n<p>Este clip no solo mostr\u00f3 el esp\u00edritu alegre del actor, sino que tambi\u00e9n ofreci\u00f3 a los seguidores una visi\u00f3n de su estado de salud actual, evidenciando que, a pesar de su diagn\u00f3stico, mantiene su esencia y sentido del humor caracter\u00edsticos.<\/p>\n<p><iframe id=\"instagram-embed-0\" class=\"instagram-media instagram-media-rendered\" src=\"https:\/\/www.instagram.com\/reel\/DHYo4cxJG14\/embed\/captioned\/?cr=1&amp;v=14&amp;wp=540&amp;rd=https%3A%2F%2Fexpreso.press&amp;rp=%2F2025%2F03%2F20%2Fbruce-willis-cumplio-70-anos-y-asi-fue-la-celebracion%2F#%7B%22ci%22%3A0%2C%22os%22%3A1401%2C%22ls%22%3A493%2C%22le%22%3A902%7D\" height=\"981\" frameborder=\"0\" scrolling=\"no\" allowfullscreen=\"allowfullscreen\" data-instgrm-payload-id=\"instagram-media-payload-0\" data-mce-fragment=\"1\"><\/iframe><\/p>\n<p>Emma Heming solicita el apoyo de los fans<\/p>\n<p>Por su parte, Emma Heming, actual esposa de Bruce Willis, comparti\u00f3 una fotograf\u00eda en la que se ve al actor conduciendo una cuatrimoto, demostrando su esp\u00edritu aventurero y vitalidad. En la descripci\u00f3n de la imagen, Heming pidi\u00f3 a los fan\u00e1ticos de Willis que le enviaran todo su cari\u00f1o en su 70 cumplea\u00f1os.<\/p>\n<p>La celebraci\u00f3n del 70 cumplea\u00f1os de Bruce Willis fue un recordatorio del poder del amor familiar y del apoyo incondicional en tiempos de adversidad. A trav\u00e9s de gestos sencillos pero significativos, mostr\u00f3 al mundo la importancia de la uni\u00f3n y la resiliencia, inspirando a muchos con su ejemplo de fortaleza y cari\u00f1o.<\/p>\n<p><iframe id=\"instagram-embed-1\" class=\"instagram-media instagram-media-rendered\" src=\"https:\/\/www.instagram.com\/p\/DHY-mtmSdeZ\/embed\/captioned\/?cr=1&amp;v=14&amp;wp=540&amp;rd=https%3A%2F%2Fexpreso.press&amp;rp=%2F2025%2F03%2F20%2Fbruce-willis-cumplio-70-anos-y-asi-fue-la-celebracion%2F#%7B%22ci%22%3A1%2C%22os%22%3A1404.0000000000002%2C%22ls%22%3A493%2C%22le%22%3A902%7D\" height=\"883\" frameborder=\"0\" scrolling=\"no\" allowfullscreen=\"allowfullscreen\" data-instgrm-payload-id=\"instagram-media-payload-1\" data-mce-fragment=\"1\"><\/iframe><\/p>\n<p>Con informaci\u00f3n de EXC\u00c9LSIOR<span class=\"Apple-converted-space\">\u00a0<\/span><\/p>\n","protected":false},"excerpt":{"rendered":"<p>CIUDAD DE M\u00c9XICO.- Ayer, 19 de marzo de 2025, el reconocido actor de pel\u00edculas de acci\u00f3n Bruce Willis celebr\u00f3 su 70 cumplea\u00f1os. A pesar de su diagn\u00f3stico de demencia frontotemporal, la estrella de Hollywood disfrut\u00f3 de una emotiva celebraci\u00f3n rodeado del cari\u00f1o de su familia. Las redes sociales se llenaron de im\u00e1genes y mensajes que [&hellip;]<\/p>\n","protected":false},"author":4,"featured_media":18983,"comment_status":"closed","ping_status":"closed","sticky":false,"template":"","format":"standard","meta":{"footnotes":""},"categories":[16],"tags":[],"class_list":["post-18982","post","type-post","status-publish","format-standard","has-post-thumbnail","hentry","category-espectaculos"],"_links":{"self":[{"href":"https:\/\/conexiontotal.press\/index.php\/wp-json\/wp\/v2\/posts\/18982","targetHints":{"allow":["GET"]}}],"collection":[{"href":"https:\/\/conexiontotal.press\/index.php\/wp-json\/wp\/v2\/posts"}],"about":[{"href":"https:\/\/conexiontotal.press\/index.php\/wp-json\/wp\/v2\/types\/post"}],"author":[{"embeddable":true,"href":"https:\/\/conexiontotal.press\/index.php\/wp-json\/wp\/v2\/users\/4"}],"replies":[{"embeddable":true,"href":"https:\/\/conexiontotal.press\/index.php\/wp-json\/wp\/v2\/comments?post=18982"}],"version-history":[{"count":1,"href":"https:\/\/conexiontotal.press\/index.php\/wp-json\/wp\/v2\/posts\/18982\/revisions"}],"predecessor-version":[{"id":18984,"href":"https:\/\/conexiontotal.press\/index.php\/wp-json\/wp\/v2\/posts\/18982\/revisions\/18984"}],"wp:featuredmedia":[{"embeddable":true,"href":"https:\/\/conexiontotal.press\/index.php\/wp-json\/wp\/v2\/media\/18983"}],"wp:attachment":[{"href":"https:\/\/conexiontotal.press\/index.php\/wp-json\/wp\/v2\/media?parent=18982"}],"wp:term":[{"taxonomy":"category","embeddable":true,"href":"https:\/\/conexiontotal.press\/index.php\/wp-json\/wp\/v2\/categories?post=18982"},{"taxonomy":"post_tag","embeddable":true,"href":"https:\/\/conexiontotal.press\/index.php\/wp-json\/wp\/v2\/tags?post=18982"}],"curies":[{"name":"wp","href":"https:\/\/api.w.org\/{rel}","templated":true}]}}