{"id":19071,"date":"2025-03-24T12:21:32","date_gmt":"2025-03-24T18:21:32","guid":{"rendered":"https:\/\/conexiontotal.press\/?p=19071"},"modified":"2025-03-24T12:21:32","modified_gmt":"2025-03-24T18:21:32","slug":"no-hay-indicios-de-que-el-rancho-izaguirre-sea-un-campo-de-exterminio-se-confirma-que-es-un-campo-de-adiestramiento-garcia-harfuch","status":"publish","type":"post","link":"https:\/\/conexiontotal.press\/index.php\/2025\/03\/24\/no-hay-indicios-de-que-el-rancho-izaguirre-sea-un-campo-de-exterminio-se-confirma-que-es-un-campo-de-adiestramiento-garcia-harfuch\/","title":{"rendered":"No hay indicios de que el Rancho Izaguirre sea un campo de exterminio; se confirma que es un campo de adiestramiento: Garc\u00eda Harfuch"},"content":{"rendered":"<div class=\"elementor-element elementor-element-5f3828a0 elementor-widget elementor-widget-theme-post-content\" data-id=\"5f3828a0\" data-element_type=\"widget\" data-widget_type=\"theme-post-content.default\">\n<div class=\"elementor-widget-container\">\n<p>M\u00c9XICO.- El Secretario de Seguridad y Protecci\u00f3n Ciudadana (SSPC), Omar Garc\u00eda Harfuch, afirm\u00f3 que hasta el momento, la informaci\u00f3n recabada sobre el Rancho Izaguirre no sugiere que se trate de un campo de exterminio, sino que fue un centro de reclutamiento y adiestramiento utilizado por el C\u00e1rtel Jalisco Nueva Generaci\u00f3n (CJNG).<\/p>\n<p>En conferencia de prensa, Garc\u00eda Harfuch asegur\u00f3 que, seg\u00fan los datos disponibles, el rancho funcionaba como un lugar para entrenar a personas que deseaban unirse a la organizaci\u00f3n criminal. Reiter\u00f3 que, hasta la fecha, no existen evidencias que vinculen el sitio con la presencia de restos humanos.<\/p>\n<p>\u201cSobre el Rancho Izaguirre, tenemos confirmado que era un centro de adiestramiento. Al momento, no tenemos ning\u00fan indicio de que haya sido un campo de exterminio, y la Fiscal\u00eda General de la Rep\u00fablica (FGR) sigue con la investigaci\u00f3n. Nosotros, en la Secretar\u00eda de Seguridad, no hemos confirmado la presencia de restos humanos\u201d, declar\u00f3.<\/p>\n<p>En cuanto a la posible existencia de personas fallecidas en el lugar, el secretario destac\u00f3 que ser\u00e1 la Fiscal\u00eda la encargada de esclarecer este hecho, ya que, seg\u00fan su declaraci\u00f3n, la SSPC no tiene informaci\u00f3n confirmada sobre la presencia de cuerpos en el rancho.<\/p>\n<p>\u201c\u00bfAh\u00ed hay personas fallecidas?\u201d, pregunt\u00f3 la presidenta Claudia Sheinbaum fuera de micr\u00f3fono, a lo que Garc\u00eda Harfuch respondi\u00f3: \u201cNosotros no tenemos conocimiento. La Fiscal\u00eda General de la Rep\u00fablica va a determinar exactamente si hay restos. Nosotros no lo tenemos confirmado\u201d.<\/p>\n<p>Hasta el momento, las autoridades contin\u00faan con las investigaciones para esclarecer los hechos relacionados con el Rancho Izaguirre y su vinculaci\u00f3n con actividades delictivas.<\/p>\n<p>POR STAFF<\/p>\n<\/div>\n<\/div>\n<div class=\"elementor-element elementor-element-1aefae94 elementor-share-buttons--shape-rounded elementor-share-buttons--view-icon-text elementor-share-buttons--skin-gradient elementor-grid-0 elementor-share-buttons--color-official elementor-widget elementor-widget-share-buttons\" data-id=\"1aefae94\" data-element_type=\"widget\" data-widget_type=\"share-buttons.default\">\n<div class=\"elementor-widget-container\">\n<div class=\"elementor-grid\">\n<div class=\"elementor-grid-item\">\n<div class=\"elementor-share-btn elementor-share-btn_facebook\" tabindex=\"0\" role=\"button\" aria-label=\"Compartir en facebook\"><\/div>\n<\/div>\n<\/div>\n<\/div>\n<\/div>\n","protected":false},"excerpt":{"rendered":"<p>M\u00c9XICO.- El Secretario de Seguridad y Protecci\u00f3n Ciudadana (SSPC), Omar Garc\u00eda Harfuch, afirm\u00f3 que hasta el momento, la informaci\u00f3n recabada sobre el Rancho Izaguirre no sugiere que se trate de un campo de exterminio, sino que fue un centro de reclutamiento y adiestramiento utilizado por el C\u00e1rtel Jalisco Nueva Generaci\u00f3n (CJNG). En conferencia de prensa, [&hellip;]<\/p>\n","protected":false},"author":4,"featured_media":19072,"comment_status":"closed","ping_status":"closed","sticky":false,"template":"","format":"standard","meta":{"footnotes":""},"categories":[12],"tags":[],"class_list":["post-19071","post","type-post","status-publish","format-standard","has-post-thumbnail","hentry","category-mexico"],"_links":{"self":[{"href":"https:\/\/conexiontotal.press\/index.php\/wp-json\/wp\/v2\/posts\/19071","targetHints":{"allow":["GET"]}}],"collection":[{"href":"https:\/\/conexiontotal.press\/index.php\/wp-json\/wp\/v2\/posts"}],"about":[{"href":"https:\/\/conexiontotal.press\/index.php\/wp-json\/wp\/v2\/types\/post"}],"author":[{"embeddable":true,"href":"https:\/\/conexiontotal.press\/index.php\/wp-json\/wp\/v2\/users\/4"}],"replies":[{"embeddable":true,"href":"https:\/\/conexiontotal.press\/index.php\/wp-json\/wp\/v2\/comments?post=19071"}],"version-history":[{"count":1,"href":"https:\/\/conexiontotal.press\/index.php\/wp-json\/wp\/v2\/posts\/19071\/revisions"}],"predecessor-version":[{"id":19073,"href":"https:\/\/conexiontotal.press\/index.php\/wp-json\/wp\/v2\/posts\/19071\/revisions\/19073"}],"wp:featuredmedia":[{"embeddable":true,"href":"https:\/\/conexiontotal.press\/index.php\/wp-json\/wp\/v2\/media\/19072"}],"wp:attachment":[{"href":"https:\/\/conexiontotal.press\/index.php\/wp-json\/wp\/v2\/media?parent=19071"}],"wp:term":[{"taxonomy":"category","embeddable":true,"href":"https:\/\/conexiontotal.press\/index.php\/wp-json\/wp\/v2\/categories?post=19071"},{"taxonomy":"post_tag","embeddable":true,"href":"https:\/\/conexiontotal.press\/index.php\/wp-json\/wp\/v2\/tags?post=19071"}],"curies":[{"name":"wp","href":"https:\/\/api.w.org\/{rel}","templated":true}]}}