{"id":19106,"date":"2025-03-24T12:59:18","date_gmt":"2025-03-24T18:59:18","guid":{"rendered":"https:\/\/conexiontotal.press\/?p=19106"},"modified":"2025-03-24T12:59:18","modified_gmt":"2025-03-24T18:59:18","slug":"lupe-esparza-revela-si-habia-una-rivalidad-entre-los-tigres-del-norte-y-bronco","status":"publish","type":"post","link":"https:\/\/conexiontotal.press\/index.php\/2025\/03\/24\/lupe-esparza-revela-si-habia-una-rivalidad-entre-los-tigres-del-norte-y-bronco\/","title":{"rendered":"Lupe Esparza revela si hab\u00eda una rivalidad entre Los Tigres del Norte y Bronco"},"content":{"rendered":"<p data-reader-unique-id=\"1\">M\u00c9XICO.- El\u00a0<strong data-reader-unique-id=\"2\">Bronco<\/strong>\u00a0es uno de los grupos de regional mexicano m\u00e1s importantes en la historia de la m\u00fasica en el pa\u00eds, pero por muchos a\u00f1os se manej\u00f3 que ten\u00edan una rivalidad con los\u00a0<strong data-reader-unique-id=\"3\">Tigres del Norte<\/strong>, otra de las grandes bandas de la\u00a0<strong data-reader-unique-id=\"4\">m\u00fasica<\/strong>\u00a0<strong data-reader-unique-id=\"5\">mexicana<\/strong>. Ahora, varios a\u00f1os despu\u00e9s de dichos \u00abenfrentamientos\u00bb,\u00a0<strong data-reader-unique-id=\"6\">Lupe Esparza<\/strong>\u00a0se encarg\u00f3 de revelar la realidad detr\u00e1s de lo que se pensaba era una \u00ab<strong data-reader-unique-id=\"7\">enemistad<\/strong>\u00bb entre los integrantes de las agrupaciones.<\/p>\n<p data-reader-unique-id=\"8\">La\u00a0<strong data-reader-unique-id=\"9\">leyenda<\/strong>\u00a0de la\u00a0<strong data-reader-unique-id=\"10\">m\u00fasica<\/strong>\u00a0<strong data-reader-unique-id=\"11\">mexicana<\/strong>\u00a0acudi\u00f3 a \u2018El minuto que cambi\u00f3 mi destino\u2019, con\u00a0<strong data-reader-unique-id=\"12\">Gustavo<\/strong>\u00a0<strong data-reader-unique-id=\"13\">Adolfo<\/strong>\u00a0<strong data-reader-unique-id=\"14\">Infante<\/strong>. Durante la charla,\u00a0<strong data-reader-unique-id=\"15\">Lupe Esparza<\/strong>\u00a0abri\u00f3 su coraz\u00f3n para contar algunos detalles de su vida privada, pero tambi\u00e9n para hablar sobre sus grandes \u00e9xitos, an\u00e9cdotas y sobre aquella rivalidad que hab\u00eda entre los\u00a0<strong data-reader-unique-id=\"16\">Tigres<\/strong>\u00a0<strong data-reader-unique-id=\"17\">del<\/strong>\u00a0<strong data-reader-unique-id=\"18\">Norte<\/strong>\u00a0y el\u00a0<strong data-reader-unique-id=\"19\">Bronco<\/strong>.\u00a0<strong data-reader-unique-id=\"20\">Esparza<\/strong>\u00a0expres\u00f3 que en realidad no hab\u00eda una enemistad, sino un tema entre los promotores y los managers de ambas bandas.<\/p>\n<p data-reader-unique-id=\"24\">El periodista record\u00f3 que los empresarios fueron los que enfrentaron a\u00a0<strong data-reader-unique-id=\"25\">Bronco<\/strong>\u00a0y a los\u00a0<strong data-reader-unique-id=\"26\">Tigres del Norte\u00a0<\/strong>al colocar el mismo d\u00eda el concierto de los dos m\u00e1s grandes, en aquel entonces, en\u00a0<strong data-reader-unique-id=\"27\">Monterrey<\/strong>.\u00a0<strong data-reader-unique-id=\"28\">Lupe<\/strong> se r\u00ede mientras recuerda aquellos a\u00f1os de \u00e9xito, pero tambi\u00e9n de incomodidad por tener que presentarse el mismo d\u00eda que unas leyendas del regional mexicano.<\/p>\n<blockquote data-reader-unique-id=\"29\">\n<p data-reader-unique-id=\"30\">\u00abA m\u00ed me incomodaba mucho. Uno hace lo que el representante te diga, lo que ordene, lo que diga. Uno tiene esa malicia de andar reclamando o algo. A m\u00ed me incomodaba mucho ese tipo de situaciones. Sus rencillas entre empresarios eran su rollo, pero nos manejaban a nosotros, tanto a\u00a0<strong data-reader-unique-id=\"31\">Tigres (del Norte)<\/strong>, como a nosotros.\u00bb, comenz\u00f3\u00a0<strong data-reader-unique-id=\"32\">Lupe<\/strong>\u00a0<strong data-reader-unique-id=\"33\">Esparza<\/strong>.<\/p>\n<\/blockquote>\n<figure data-reader-unique-id=\"37\"><img loading=\"lazy\" decoding=\"async\" class=\"\" src=\"https:\/\/heraldodemexico.com.mx\/u\/fotografias\/m\/2025\/3\/23\/f768x1-1102730_1102857_5050.jpg\" alt=\"\" width=\"768\" height=\"512\" data-reader-unique-id=\"38\" \/><figcaption data-reader-unique-id=\"39\">Lupe Esparza record\u00f3 la supuesta enemistad que hab\u00eda entre Bronco y los Tigres del Norte (IG: elminutotv)<\/figcaption><\/figure>\n<h2 data-reader-unique-id=\"40\">Lupe recuerda una an\u00e9cdota con los Tigres del Norte<\/h2>\n<p data-reader-unique-id=\"41\">El cantante aprovech\u00f3 el momento para recordar una an\u00e9cdota que pocos saben, ya que involucra a\u00a0<strong data-reader-unique-id=\"42\">Bronco<\/strong>\u00a0y a los\u00a0<strong data-reader-unique-id=\"43\">Tigres del Norte,<\/strong>\u00a0pero tambi\u00e9n revela lo mucho que<strong data-reader-unique-id=\"44\">\u00a0Lupe Esparza\u00a0<\/strong>admira mucho y pone de ejemplo siempre que se pueda a todos los integrantes de la banda que toca \u2018<strong data-reader-unique-id=\"45\">La puerta negra<\/strong>\u2018.<\/p>\n<blockquote data-reader-unique-id=\"46\">\n<p data-reader-unique-id=\"47\">\u00abTe cuento una an\u00e9cdota con los\u00a0<strong data-reader-unique-id=\"48\">Tigres del Norte.<\/strong>\u00a0Lo recuerdo muy bien. Ellos ya iban a Monterrey y hac\u00edan una locura en sus eventos y nosotros \u00e9ramos un grupo que todav\u00eda abr\u00eda los bailes por el sindicato, no porque estuvi\u00e9ramos pegando\u2026 Empezamos a tocar y nuestra funci\u00f3n era que hacer ruido y que la gente se enterara que iba a haber baile. (\u2026) El se\u00f1or\u00a0<strong data-reader-unique-id=\"49\">Cano<\/strong>\u00a0les hac\u00eda una fiesta (despu\u00e9s de los tres d\u00edas en Monterrey), una pachanga para ellos y nos llevaron para hacer ruido en la fiesta. Los Tigres ni voltearon a vernos\u00bb, expres\u00f3\u00a0<strong data-reader-unique-id=\"50\">Esparza<\/strong>.<\/p>\n<\/blockquote>\n<figure data-reader-unique-id=\"51\"><img loading=\"lazy\" decoding=\"async\" class=\"\" src=\"https:\/\/heraldodemexico.com.mx\/u\/fotografias\/m\/2025\/3\/23\/f768x1-1102732_1102859_5050.jpg\" alt=\"\" width=\"768\" height=\"512\" data-reader-unique-id=\"52\" \/><figcaption data-reader-unique-id=\"53\">Lupe Esparza record\u00f3 cuando fueron a hacer \u00abruido\u00bb a una fiesta para los Tigres del Norte (IG: elminutotv)<\/figcaption><\/figure>\n<p data-reader-unique-id=\"54\">Despu\u00e9s de recordar ese momento en el que le abrieron a una de las fiestas privadas que le realizaban en una quinta a los\u00a0<strong data-reader-unique-id=\"55\">Tigres del<\/strong>\u00a0<strong data-reader-unique-id=\"56\">Norte<\/strong>,\u00a0<strong data-reader-unique-id=\"57\">Lupe<\/strong>\u00a0pas\u00f3 a expresar que tuvieron la fortuna de poder estar en un\u00a0<strong data-reader-unique-id=\"58\">concierto<\/strong>\u00a0juntos fue\u00a0<strong data-reader-unique-id=\"59\">maravilloso<\/strong>, ya que es un grupo que los admira mucho.<\/p>\n<blockquote data-reader-unique-id=\"60\">\n<p data-reader-unique-id=\"61\">\u00abYo admiro mucho a los\u00a0<strong data-reader-unique-id=\"62\">Tigres del Norte<\/strong>. Es un grupo muy disciplinado, siempre en la l\u00ednea los se\u00f1ores, siempre bien vestidos, muy discretos. La verdad siempre le pongo eso de ejemplo a los muchachos. Ahorita, en estos tiempos, mis respetos por los\u00a0<strong data-reader-unique-id=\"63\">Tigres del Norte<\/strong>, gente muy especial. Esos enfrentamientos nos llenaban de orgullo y admiraci\u00f3n para ellos. Gracias a Dios nos iba bien a los dos\u00bb, termin\u00f3 con el tema.<\/p>\n<\/blockquote>\n<p data-reader-unique-id=\"64\">\n<div class=\"iframe-wrapper\"><iframe loading=\"lazy\" title=\"Lupe Esparza en El Minuto Que Cambi\u00f3 Mi Destino: SIN CENSURA | Programa Completo\" src=\"https:\/\/www.youtube.com\/embed\/V1WLw4RA57M\" width=\"665\" height=\"374\" frameborder=\"0\" sandbox=\"allow-scripts allow-same-origin\" allowfullscreen=\"allowfullscreen\" data-reader-unique-id=\"65\" data-mce-fragment=\"1\"><\/iframe><\/div>\n<p>&nbsp;<\/p>\n<p data-reader-unique-id=\"66\">CON INFORMACI\u00d3N DE EL HERALDO DE M\u00c9XICO<\/p>\n","protected":false},"excerpt":{"rendered":"<p>M\u00c9XICO.- El\u00a0Bronco\u00a0es uno de los grupos de regional mexicano m\u00e1s importantes en la historia de la m\u00fasica en el pa\u00eds, pero por muchos a\u00f1os se manej\u00f3 que ten\u00edan una rivalidad con los\u00a0Tigres del Norte, otra de las grandes bandas de la\u00a0m\u00fasica\u00a0mexicana. Ahora, varios a\u00f1os despu\u00e9s de dichos \u00abenfrentamientos\u00bb,\u00a0Lupe Esparza\u00a0se encarg\u00f3 de revelar la realidad detr\u00e1s [&hellip;]<\/p>\n","protected":false},"author":4,"featured_media":19107,"comment_status":"closed","ping_status":"closed","sticky":false,"template":"","format":"standard","meta":{"footnotes":""},"categories":[16],"tags":[],"class_list":["post-19106","post","type-post","status-publish","format-standard","has-post-thumbnail","hentry","category-espectaculos"],"_links":{"self":[{"href":"https:\/\/conexiontotal.press\/index.php\/wp-json\/wp\/v2\/posts\/19106","targetHints":{"allow":["GET"]}}],"collection":[{"href":"https:\/\/conexiontotal.press\/index.php\/wp-json\/wp\/v2\/posts"}],"about":[{"href":"https:\/\/conexiontotal.press\/index.php\/wp-json\/wp\/v2\/types\/post"}],"author":[{"embeddable":true,"href":"https:\/\/conexiontotal.press\/index.php\/wp-json\/wp\/v2\/users\/4"}],"replies":[{"embeddable":true,"href":"https:\/\/conexiontotal.press\/index.php\/wp-json\/wp\/v2\/comments?post=19106"}],"version-history":[{"count":1,"href":"https:\/\/conexiontotal.press\/index.php\/wp-json\/wp\/v2\/posts\/19106\/revisions"}],"predecessor-version":[{"id":19108,"href":"https:\/\/conexiontotal.press\/index.php\/wp-json\/wp\/v2\/posts\/19106\/revisions\/19108"}],"wp:featuredmedia":[{"embeddable":true,"href":"https:\/\/conexiontotal.press\/index.php\/wp-json\/wp\/v2\/media\/19107"}],"wp:attachment":[{"href":"https:\/\/conexiontotal.press\/index.php\/wp-json\/wp\/v2\/media?parent=19106"}],"wp:term":[{"taxonomy":"category","embeddable":true,"href":"https:\/\/conexiontotal.press\/index.php\/wp-json\/wp\/v2\/categories?post=19106"},{"taxonomy":"post_tag","embeddable":true,"href":"https:\/\/conexiontotal.press\/index.php\/wp-json\/wp\/v2\/tags?post=19106"}],"curies":[{"name":"wp","href":"https:\/\/api.w.org\/{rel}","templated":true}]}}