{"id":19128,"date":"2025-03-27T18:32:34","date_gmt":"2025-03-28T00:32:34","guid":{"rendered":"https:\/\/conexiontotal.press\/?p=19128"},"modified":"2025-03-27T18:32:34","modified_gmt":"2025-03-28T00:32:34","slug":"video-nino-se-cuela-en-la-casa-blanca-a-traves-de-la-reja","status":"publish","type":"post","link":"https:\/\/conexiontotal.press\/index.php\/2025\/03\/27\/video-nino-se-cuela-en-la-casa-blanca-a-traves-de-la-reja\/","title":{"rendered":"\u2028VIDEO: Ni\u00f1o se cuela en la Casa Blanca a trav\u00e9s de la reja"},"content":{"rendered":"<p>CIUDAD DE M\u00c9XICO.-Un ni\u00f1o se infiltr\u00f3 en los terrenos de la Casa Blanca este jueves 27 de marzo, lo que provoc\u00f3 una r\u00e1pida respuesta del Servicio Secreto de Estados Unidos. De acuerdo con los primeros reportes el menor se col\u00f3 a trav\u00e9s de la reja del lado norte de la Casa Blanca, lo que provoc\u00f3 que se activaran las alertas de seguridad.<\/p>\n<p>En un video que circula en redes sociales se puede ver a uno de los polic\u00edas que carga entre sus brazos al curioso explorador, despu\u00e9s se lo entrega a su compa\u00f1ero con quien cruza algunas palabras antes de darle al menor de edad. Finalmente, al parecer es este el hombre del Servicio Secreto quien lleva de vuelta al ni\u00f1o para reunirlo con sus padres.<\/p>\n<p>Este incidente ha generado una oleada de reacciones en redes sociales, donde usuarios han tomado como un hecho divertido el ingreso de este ni\u00f1o a los jardines de la Casa Blanca. Algunos internautas han coment\u00f3 que seguramente el menor querr\u00eda reunirse con el peque\u00f1o X, el hijo de Elon Musk.<\/p>\n<p>Reaccionan las redes sociales por el ingreso de un ni\u00f1o a los jardines de la Casa Blanca. Cr\u00e9ditos: Tomada de video.<br \/>\n<iframe loading=\"lazy\" title=\"YouTube video player\" src=\"https:\/\/www.youtube.com\/embed\/0elIG5FjM4I?si=RakLOFDM994xFXGY\" width=\"560\" height=\"315\" frameborder=\"0\" allowfullscreen=\"allowfullscreen\"><\/iframe><\/p>\n<p>Ingreso de un ni\u00f1o a la Casa Blanca no es incidente aislado<\/p>\n<p>Otros han hecho preguntas sarc\u00e1sticas como: \u00bfVerificaron que no era del Tren de Aragua?, hay quienes aseguran que el primer guardia que cargo al ni\u00f1o no tiene hijos, pero el segundo polic\u00eda que lo recibe s\u00ed porque se ven las diferencias en la forma en que lo cargan.<\/p>\n<p>No es la primera vez que un ni\u00f1o ingresa a la Casa Blanca a trav\u00e9s de la reja. Hay por lo menos dos incidentes similares, el primero ocurri\u00f3 en 2014, cuando un peque\u00f1o pas\u00f3 a trav\u00e9s de la cerca de la Casa Blanca justo antes de que el entonces presidente Barack Obama diera un mensaje a la naci\u00f3n sobre Iraq. La irrupci\u00f3n provoc\u00f3 un cierre temporal y retras\u00f3 la sesi\u00f3n informativa.<\/p>\n<p>El segundo se registr\u00f3 el 18 de abril de 2023, durante la administraci\u00f3n del presidente Joe Biden.<\/p>\n<p><span class=\"Apple-converted-space\">\u00a0<\/span>Con informaci\u00f3n de HERALDO DE M\u00c9XICO<span class=\"Apple-converted-space\">\u00a0<\/span><\/p>\n","protected":false},"excerpt":{"rendered":"<p>CIUDAD DE M\u00c9XICO.-Un ni\u00f1o se infiltr\u00f3 en los terrenos de la Casa Blanca este jueves 27 de marzo, lo que provoc\u00f3 una r\u00e1pida respuesta del Servicio Secreto de Estados Unidos. De acuerdo con los primeros reportes el menor se col\u00f3 a trav\u00e9s de la reja del lado norte de la Casa Blanca, lo que provoc\u00f3 [&hellip;]<\/p>\n","protected":false},"author":4,"featured_media":19129,"comment_status":"closed","ping_status":"closed","sticky":false,"template":"","format":"standard","meta":{"footnotes":""},"categories":[14],"tags":[],"class_list":["post-19128","post","type-post","status-publish","format-standard","has-post-thumbnail","hentry","category-mundo"],"_links":{"self":[{"href":"https:\/\/conexiontotal.press\/index.php\/wp-json\/wp\/v2\/posts\/19128","targetHints":{"allow":["GET"]}}],"collection":[{"href":"https:\/\/conexiontotal.press\/index.php\/wp-json\/wp\/v2\/posts"}],"about":[{"href":"https:\/\/conexiontotal.press\/index.php\/wp-json\/wp\/v2\/types\/post"}],"author":[{"embeddable":true,"href":"https:\/\/conexiontotal.press\/index.php\/wp-json\/wp\/v2\/users\/4"}],"replies":[{"embeddable":true,"href":"https:\/\/conexiontotal.press\/index.php\/wp-json\/wp\/v2\/comments?post=19128"}],"version-history":[{"count":1,"href":"https:\/\/conexiontotal.press\/index.php\/wp-json\/wp\/v2\/posts\/19128\/revisions"}],"predecessor-version":[{"id":19130,"href":"https:\/\/conexiontotal.press\/index.php\/wp-json\/wp\/v2\/posts\/19128\/revisions\/19130"}],"wp:featuredmedia":[{"embeddable":true,"href":"https:\/\/conexiontotal.press\/index.php\/wp-json\/wp\/v2\/media\/19129"}],"wp:attachment":[{"href":"https:\/\/conexiontotal.press\/index.php\/wp-json\/wp\/v2\/media?parent=19128"}],"wp:term":[{"taxonomy":"category","embeddable":true,"href":"https:\/\/conexiontotal.press\/index.php\/wp-json\/wp\/v2\/categories?post=19128"},{"taxonomy":"post_tag","embeddable":true,"href":"https:\/\/conexiontotal.press\/index.php\/wp-json\/wp\/v2\/tags?post=19128"}],"curies":[{"name":"wp","href":"https:\/\/api.w.org\/{rel}","templated":true}]}}