{"id":19131,"date":"2025-03-27T18:37:51","date_gmt":"2025-03-28T00:37:51","guid":{"rendered":"https:\/\/conexiontotal.press\/?p=19131"},"modified":"2025-03-27T18:37:51","modified_gmt":"2025-03-28T00:37:51","slug":"video-el-mexicano-donovan-carrillo-sufre-terrible-caida-en-el-campeonato-mundial-de-patinaje","status":"publish","type":"post","link":"https:\/\/conexiontotal.press\/index.php\/2025\/03\/27\/video-el-mexicano-donovan-carrillo-sufre-terrible-caida-en-el-campeonato-mundial-de-patinaje\/","title":{"rendered":"VIDEO: El mexicano Donovan Carrillo sufre terrible ca\u00edda en el Campeonato Mundial de Patinaje"},"content":{"rendered":"<p>CIUDAD DE M\u00c9XICO.-El Mundial de Patinaje Art\u00edstico ISU 2025 no result\u00f3 favorable para Donovan Carrillo, pues tras la aparatosa ca\u00edda que sufri\u00f3 durante su rutina fue penalizado y esto afect\u00f3 de manera importante su calificaci\u00f3n por lo que, finalmente, no obtuvo el pase a los Juegos Ol\u00edmpicos de invierno Milano-Cortina 2026.<\/p>\n<p>El patinador mexicano lleg\u00f3 a la pista del Mundial de Patinaje Art\u00edstico realizado en Boston, Estados Unidos, del 25 al 30 de marzo como parte del tercer grupo. Carrillo inici\u00f3 su rutina en el programa corto con el entusiasmo que lo caracteriza, sin embargo, el nerviosismo se habr\u00eda apoderado de \u00e9l y, como resultado, sufri\u00f3 una fuerte ca\u00edda en los primeros segundos.<\/p>\n<p>Donovan Carillo pierde el pase a los\u00a0Juegos Ol\u00edmpicos de Invierno<\/p>\n<p>Pese a la fuerte ca\u00edda que tuvo en su primer salto, Donovan Carrillo se levant\u00f3 y continu\u00f3 con su ejecuci\u00f3n en medio del aplauso de los presentes entre los que hab\u00edan mexicanos que mostraron su total apoyo. Aunque eso no evit\u00f3 que fuera sancionado por los jueces y al final obtuvo 71.55 unidades.<\/p>\n<p>Donovan Carillo pierde el pase a los Juegos Ol\u00edmpicos de Invierno tras terrible ca\u00edda.<\/p>\n<blockquote class=\"twitter-tweet\">\n<p dir=\"ltr\" lang=\"es\">As\u00ed fue la ca\u00edda de Donovan Carrillo en el Campeonato Mundial de Patinaje Art\u00edstico ISU 2025 \ud83d\ude25\ud83c\uddf2\ud83c\uddfd\u26f8\ufe0f <a href=\"https:\/\/t.co\/wJG7Zja12H\">pic.twitter.com\/wJG7Zja12H<\/a><\/p>\n<p>\u2014 Leo Vazquez (@leo_0094) <a href=\"https:\/\/twitter.com\/leo_0094\/status\/1905314509163487375?ref_src=twsrc%5Etfw\">March 27, 2025<\/a><\/p><\/blockquote>\n<p><script async src=\"https:\/\/platform.twitter.com\/widgets.js\" charset=\"utf-8\"><\/script><\/p>\n<p>Para obtener el pase a los Juegos Ol\u00edmpicos de invierno, Donovan Carrillo ten\u00eda que quedar entre los mejores 24, pero la ca\u00edda lo llev\u00f3 a la posici\u00f3n 27 del programa corto. Pese a ello, el patinador tendr\u00e1 una \u00faltima oportunidad en septiembre pr\u00f3ximo para llevarse un pase a la justa de invierno que se realizar\u00e1 en Italia.<\/p>\n<p>\u00bfQui\u00e9n es Donovan Carrillo? La estrella mexicana del patinaje art\u00edstico<\/p>\n<p>Originario de Zapopan, Jalisco, Donovan Carrillo encontr\u00f3 su pasi\u00f3n en el patinaje art\u00edstico con tan s\u00f3lo ocho a\u00f1os de edad. El sitio web de los Juegos Ol\u00edmpicos se\u00f1ala que Carrillo hizo historia al convertirse en el primer mexicano en 30 a\u00f1os en competir en este deporte\u00a0en una justa ol\u00edmpica y el primero en la historia en llegar a un programa largo\u00a0(o final).<\/p>\n<p>&#8220;Muchas veces me dijeron que no iba a lograr nada en el patinaje, que era de locos intentarlo siquiera y que lo m\u00e1ximo a lo que pod\u00eda aspirar en una competencia internacional era a quedar en \u00faltimo lugar. He demostrado que los mexicanos tenemos mucho que dar en los deportes&#8221;, dijo Carrillo en entrevista para el sitio web de los Ol\u00edmpicos.<\/p>\n<p><span class=\"Apple-converted-space\">\u00a0<\/span>Con informaci\u00f3n de HERALDO DE M\u00c9XICO<span class=\"Apple-converted-space\">\u00a0<\/span><\/p>\n","protected":false},"excerpt":{"rendered":"<p>CIUDAD DE M\u00c9XICO.-El Mundial de Patinaje Art\u00edstico ISU 2025 no result\u00f3 favorable para Donovan Carrillo, pues tras la aparatosa ca\u00edda que sufri\u00f3 durante su rutina fue penalizado y esto afect\u00f3 de manera importante su calificaci\u00f3n por lo que, finalmente, no obtuvo el pase a los Juegos Ol\u00edmpicos de invierno Milano-Cortina 2026. El patinador mexicano lleg\u00f3 [&hellip;]<\/p>\n","protected":false},"author":4,"featured_media":19132,"comment_status":"closed","ping_status":"closed","sticky":false,"template":"","format":"standard","meta":{"footnotes":""},"categories":[15],"tags":[],"class_list":["post-19131","post","type-post","status-publish","format-standard","has-post-thumbnail","hentry","category-deportes"],"_links":{"self":[{"href":"https:\/\/conexiontotal.press\/index.php\/wp-json\/wp\/v2\/posts\/19131","targetHints":{"allow":["GET"]}}],"collection":[{"href":"https:\/\/conexiontotal.press\/index.php\/wp-json\/wp\/v2\/posts"}],"about":[{"href":"https:\/\/conexiontotal.press\/index.php\/wp-json\/wp\/v2\/types\/post"}],"author":[{"embeddable":true,"href":"https:\/\/conexiontotal.press\/index.php\/wp-json\/wp\/v2\/users\/4"}],"replies":[{"embeddable":true,"href":"https:\/\/conexiontotal.press\/index.php\/wp-json\/wp\/v2\/comments?post=19131"}],"version-history":[{"count":1,"href":"https:\/\/conexiontotal.press\/index.php\/wp-json\/wp\/v2\/posts\/19131\/revisions"}],"predecessor-version":[{"id":19133,"href":"https:\/\/conexiontotal.press\/index.php\/wp-json\/wp\/v2\/posts\/19131\/revisions\/19133"}],"wp:featuredmedia":[{"embeddable":true,"href":"https:\/\/conexiontotal.press\/index.php\/wp-json\/wp\/v2\/media\/19132"}],"wp:attachment":[{"href":"https:\/\/conexiontotal.press\/index.php\/wp-json\/wp\/v2\/media?parent=19131"}],"wp:term":[{"taxonomy":"category","embeddable":true,"href":"https:\/\/conexiontotal.press\/index.php\/wp-json\/wp\/v2\/categories?post=19131"},{"taxonomy":"post_tag","embeddable":true,"href":"https:\/\/conexiontotal.press\/index.php\/wp-json\/wp\/v2\/tags?post=19131"}],"curies":[{"name":"wp","href":"https:\/\/api.w.org\/{rel}","templated":true}]}}