{"id":19162,"date":"2025-03-28T18:44:10","date_gmt":"2025-03-29T00:44:10","guid":{"rendered":"https:\/\/conexiontotal.press\/?p=19162"},"modified":"2025-03-28T18:44:10","modified_gmt":"2025-03-29T00:44:10","slug":"la-posta-real-cierra-sus-puertas-se-apaga-un-icono-de-victoria","status":"publish","type":"post","link":"https:\/\/conexiontotal.press\/index.php\/2025\/03\/28\/la-posta-real-cierra-sus-puertas-se-apaga-un-icono-de-victoria\/","title":{"rendered":"La Posta Real cierra sus puertas: se apaga un \u00edcono de Victoria"},"content":{"rendered":"<p data-reader-unique-id=\"1\">CIUDAD VICTORIA, TAMAULIPAS.- Las paredes de La Posta Real han sido testigos de incontables historias, de risas familiares, de brindis memorables y de encuentros que, sin saberlo, quedaron grabados en la memoria de Ciudad Victoria. Este domingo 30 de abril, tras m\u00e1s de cinco d\u00e9cadas de historia, el emblem\u00e1tico restaurante bajar\u00e1 sus cortinas por \u00faltima vez.<\/p>\n<h3 data-reader-unique-id=\"2\">Un cierre que duele<\/h3>\n<p data-reader-unique-id=\"3\">No es solo el fin de un negocio, es el adi\u00f3s a un cap\u00edtulo importante en la vida de muchos victorenses. La econom\u00eda, la delincuencia y el desgaste natural de los a\u00f1os han llevado a los due\u00f1os a tomar una decisi\u00f3n que duele. \u00abNos ha costado mucho mantenernos, pero ya no es sostenible. Nos tomaremos un tiempo para analizar el futuro, pero por ahora, La Posta Real dice adi\u00f3s\u00bb, coment\u00f3 el gerente.<\/p>\n<p data-reader-unique-id=\"7\">Fue a principios de marzo, el restaurante sufri\u00f3 un robo que dej\u00f3 da\u00f1os econ\u00f3micos importantes. Los ladrones no solo se llevaron dinero en efectivo y productos, sino que tambi\u00e9n destruyeron el equipo de videovigilancia, complicando la identificaci\u00f3n de los responsables. Sin embargo, este no fue el \u00fanico motivo del cierre. La baja afluencia de clientes y la dificultad de mantener el ritmo de operaciones tambi\u00e9n influyeron en la decisi\u00f3n.<\/p>\n<h3 data-reader-unique-id=\"8\">Un legado de sabor y tradici\u00f3n<\/h3>\n<p data-reader-unique-id=\"9\">Desde su apertura en 1972, La Posta Real ha sido un referente de la gastronom\u00eda en Ciudad Victoria. Nacido primero como \u00abLa Posta\u00bb en la calle 8, el restaurante se mud\u00f3 al 11 Zaragoza, ahora con el nombre de La Posta Plaza donde vivi\u00f3 su \u00e9poca de mayor esplendor. Fue en este lugar donde se sirvieron platillos a expresidentes como Miguel de la Madrid, Carlos Salinas de Gortari y Ernesto Zedillo.<\/p>\n<p data-reader-unique-id=\"12\">Los artistas tambi\u00e9n fueron parte de su historia. Se dice que Jos\u00e9 Jos\u00e9, en una de sus visitas a la ciudad, pas\u00f3 toda una tarde en el restaurante, cantando a capela con una copa de co\u00f1ac en la mano. Era un punto de encuentro para pol\u00edticos, empresarios y familias, pero tambi\u00e9n un lugar donde cualquier persona pod\u00eda sentirse bienvenida.<\/p>\n<p data-reader-unique-id=\"13\">El men\u00fa de La Posta Real ofrec\u00eda una mezcla de sabores del mar y platillos tradicionales de la regi\u00f3n. Su buffet y almuerzos eran conocidos por su calidad, y con el paso del tiempo se convirti\u00f3 en un lugar de tradici\u00f3n para generaciones de victorenses.<\/p>\n<h3 data-reader-unique-id=\"14\">Un futuro incierto<\/h3>\n<p data-reader-unique-id=\"15\">Aunque el cierre es definitivo por ahora, los propietarios no descartan un posible regreso en el futuro. \u00abNo quisi\u00e9ramos llamarlo cierre definitivo. Quiz\u00e1, en alg\u00fan momento, La Posta Real vuelva a abrir\u00bb, mencionaron con un dejo de esperanza.<\/p>\n<p data-reader-unique-id=\"16\">Por lo pronto, el pr\u00f3ximo domingo ser\u00e1 la \u00faltima oportunidad para degustar sus platillos y despedirse de este ic\u00f3nico restaurante. Ser\u00e1 un d\u00eda de nostalgia, pero tambi\u00e9n de gratitud por todos los momentos que se vivieron en sus mesas.<\/p>\n<p data-reader-unique-id=\"17\">As\u00ed, con el eco de las risas que alguna vez llenaron sus salones y el recuerdo de aquellos brindis que celebraban la vida, La Posta Real se despide. Un pedazo de historia de Ciudad Victoria se apaga, pero su legado seguir\u00e1 vivo en la memoria de quienes tuvieron la fortuna de compartir una comida entre sus muros.<\/p>\n<p data-reader-unique-id=\"18\">Por Ra\u00fal L\u00f3pez Garc\u00eda<\/p>\n","protected":false},"excerpt":{"rendered":"<p>CIUDAD VICTORIA, TAMAULIPAS.- Las paredes de La Posta Real han sido testigos de incontables historias, de risas familiares, de brindis memorables y de encuentros que, sin saberlo, quedaron grabados en la memoria de Ciudad Victoria. Este domingo 30 de abril, tras m\u00e1s de cinco d\u00e9cadas de historia, el emblem\u00e1tico restaurante bajar\u00e1 sus cortinas por \u00faltima [&hellip;]<\/p>\n","protected":false},"author":4,"featured_media":19163,"comment_status":"closed","ping_status":"closed","sticky":false,"template":"","format":"standard","meta":{"footnotes":""},"categories":[3],"tags":[],"class_list":["post-19162","post","type-post","status-publish","format-standard","has-post-thumbnail","hentry","category-victoria"],"_links":{"self":[{"href":"https:\/\/conexiontotal.press\/index.php\/wp-json\/wp\/v2\/posts\/19162","targetHints":{"allow":["GET"]}}],"collection":[{"href":"https:\/\/conexiontotal.press\/index.php\/wp-json\/wp\/v2\/posts"}],"about":[{"href":"https:\/\/conexiontotal.press\/index.php\/wp-json\/wp\/v2\/types\/post"}],"author":[{"embeddable":true,"href":"https:\/\/conexiontotal.press\/index.php\/wp-json\/wp\/v2\/users\/4"}],"replies":[{"embeddable":true,"href":"https:\/\/conexiontotal.press\/index.php\/wp-json\/wp\/v2\/comments?post=19162"}],"version-history":[{"count":1,"href":"https:\/\/conexiontotal.press\/index.php\/wp-json\/wp\/v2\/posts\/19162\/revisions"}],"predecessor-version":[{"id":19164,"href":"https:\/\/conexiontotal.press\/index.php\/wp-json\/wp\/v2\/posts\/19162\/revisions\/19164"}],"wp:featuredmedia":[{"embeddable":true,"href":"https:\/\/conexiontotal.press\/index.php\/wp-json\/wp\/v2\/media\/19163"}],"wp:attachment":[{"href":"https:\/\/conexiontotal.press\/index.php\/wp-json\/wp\/v2\/media?parent=19162"}],"wp:term":[{"taxonomy":"category","embeddable":true,"href":"https:\/\/conexiontotal.press\/index.php\/wp-json\/wp\/v2\/categories?post=19162"},{"taxonomy":"post_tag","embeddable":true,"href":"https:\/\/conexiontotal.press\/index.php\/wp-json\/wp\/v2\/tags?post=19162"}],"curies":[{"name":"wp","href":"https:\/\/api.w.org\/{rel}","templated":true}]}}