{"id":19165,"date":"2025-03-28T18:48:51","date_gmt":"2025-03-29T00:48:51","guid":{"rendered":"https:\/\/conexiontotal.press\/?p=19165"},"modified":"2025-03-28T18:48:51","modified_gmt":"2025-03-29T00:48:51","slug":"evaluan-los-danos-que-dejo-la-tormenta-en-reynosa","status":"publish","type":"post","link":"https:\/\/conexiontotal.press\/index.php\/2025\/03\/28\/evaluan-los-danos-que-dejo-la-tormenta-en-reynosa\/","title":{"rendered":"Eval\u00faan los da\u00f1os que dej\u00f3 la tormenta en Reynosa"},"content":{"rendered":"<p data-reader-unique-id=\"1\">REYNOSA, TAMAULIPAS.- El gobernador Am\u00e9rico Villarreal Anaya arrib\u00f3 a la ciudad de Reynosa, esta ma\u00f1ana, junto con la coordinadora nacional de Protecci\u00f3n Civil, Laura Vel\u00e1zquez, con el prop\u00f3sito de evaluar da\u00f1os y apoyar a las familias afectadas por las lluvias que se registraron en la regi\u00f3n en las \u00faltimas 48 horas.<\/p>\n<p data-reader-unique-id=\"2\">En unos momentos m\u00e1s se enlazar\u00e1n con la Presidenta Claudia Sheinbaum Pardo, a quien informar\u00e1n sobre los efectos que las lluvias causaron a este municipio.<\/p>\n<p data-reader-unique-id=\"6\">De manera preliminar al menos dos personas perdieron la vida durante la emergencia registrada por las lluvias, una de ellas qued\u00f3 atrapada en su domicilio y no pudo salir, mientras otro hombre muri\u00f3 tambi\u00e9n ahogado al no lograr ponerse a salvo, luego de quedar atrapado en el estacionamiento de una tienda.<\/p>\n<p data-reader-unique-id=\"7\">Por la ma\u00f1ana se inici\u00f3 la reuni\u00f3n de trabajo en las instalaciones del C5, con mandos del Ej\u00e9rcito Mexicano, Guardia Estatal, Guardia Nacional, Protecci\u00f3n Civil y autoridades locales para coordinar el auxilio a las cientos de familias que perdieron su patrimonio debido a las inundaciones, previ\u00e9ndose que adem\u00e1s acudan a los albergues y lleven a cabo recorridos por las zonas afectadas.<\/p>\n<p data-reader-unique-id=\"11\">El gobernador Am\u00e9rico Villarreal afirm\u00f3 que su gobierno est\u00e1 atento desde ayer de todas las afectaciones y ha dado instrucciones al secretario de Recursos Hidr\u00e1ulicos y a todo su gabinete para auxiliar a las familias.<\/p>\n<p data-reader-unique-id=\"12\">Por Perla Res\u00e9ndez<\/p>\n","protected":false},"excerpt":{"rendered":"<p>REYNOSA, TAMAULIPAS.- El gobernador Am\u00e9rico Villarreal Anaya arrib\u00f3 a la ciudad de Reynosa, esta ma\u00f1ana, junto con la coordinadora nacional de Protecci\u00f3n Civil, Laura Vel\u00e1zquez, con el prop\u00f3sito de evaluar da\u00f1os y apoyar a las familias afectadas por las lluvias que se registraron en la regi\u00f3n en las \u00faltimas 48 horas. En unos momentos m\u00e1s [&hellip;]<\/p>\n","protected":false},"author":4,"featured_media":19166,"comment_status":"closed","ping_status":"closed","sticky":false,"template":"","format":"standard","meta":{"footnotes":""},"categories":[20],"tags":[],"class_list":["post-19165","post","type-post","status-publish","format-standard","has-post-thumbnail","hentry","category-frontera"],"_links":{"self":[{"href":"https:\/\/conexiontotal.press\/index.php\/wp-json\/wp\/v2\/posts\/19165","targetHints":{"allow":["GET"]}}],"collection":[{"href":"https:\/\/conexiontotal.press\/index.php\/wp-json\/wp\/v2\/posts"}],"about":[{"href":"https:\/\/conexiontotal.press\/index.php\/wp-json\/wp\/v2\/types\/post"}],"author":[{"embeddable":true,"href":"https:\/\/conexiontotal.press\/index.php\/wp-json\/wp\/v2\/users\/4"}],"replies":[{"embeddable":true,"href":"https:\/\/conexiontotal.press\/index.php\/wp-json\/wp\/v2\/comments?post=19165"}],"version-history":[{"count":1,"href":"https:\/\/conexiontotal.press\/index.php\/wp-json\/wp\/v2\/posts\/19165\/revisions"}],"predecessor-version":[{"id":19167,"href":"https:\/\/conexiontotal.press\/index.php\/wp-json\/wp\/v2\/posts\/19165\/revisions\/19167"}],"wp:featuredmedia":[{"embeddable":true,"href":"https:\/\/conexiontotal.press\/index.php\/wp-json\/wp\/v2\/media\/19166"}],"wp:attachment":[{"href":"https:\/\/conexiontotal.press\/index.php\/wp-json\/wp\/v2\/media?parent=19165"}],"wp:term":[{"taxonomy":"category","embeddable":true,"href":"https:\/\/conexiontotal.press\/index.php\/wp-json\/wp\/v2\/categories?post=19165"},{"taxonomy":"post_tag","embeddable":true,"href":"https:\/\/conexiontotal.press\/index.php\/wp-json\/wp\/v2\/tags?post=19165"}],"curies":[{"name":"wp","href":"https:\/\/api.w.org\/{rel}","templated":true}]}}