{"id":19171,"date":"2025-03-31T10:12:11","date_gmt":"2025-03-31T16:12:11","guid":{"rendered":"https:\/\/conexiontotal.press\/?p=19171"},"modified":"2025-03-31T10:12:11","modified_gmt":"2025-03-31T16:12:11","slug":"familias-de-reynosa-no-estan-solas-gobernador","status":"publish","type":"post","link":"https:\/\/conexiontotal.press\/index.php\/2025\/03\/31\/familias-de-reynosa-no-estan-solas-gobernador\/","title":{"rendered":"Familias de Reynosa no est\u00e1n solas: Gobernador"},"content":{"rendered":"<p data-reader-unique-id=\"1\">REYNOSA, TAMAULIPAS.- En un recorrido en las colonias afectadas por las inundaciones en esta ciudad, el gobernador Am\u00e9rico Villarreal Anaya asegur\u00f3 que se est\u00e1 avanzando y no se ha abandonado a la gente. \u00abNo est\u00e1n solos\u00bb, reiter\u00f3.<\/p>\n<p data-reader-unique-id=\"2\">En un encuentro con vecinos de las colonias Ernesto Zedillo, Juan Escutia, Delicias y Lomas del Villar, entre otras, durante la tarde de este domingo, el gobernador y la presidenta del DIF Tamaulipas, Mar\u00eda de Villarreal, dialogaron abiertamente y les explicaron la siguiente etapa del proceso de recuperaci\u00f3n, en donde se har\u00e1 entrega de material de limpieza e iniciar\u00e1 un censo de las viviendas afectadas para reparar las afectaciones y recuperar los enseres perdidos.<\/p>\n<p data-reader-unique-id=\"8\">Indic\u00f3 que trabajan para que se regrese a la normalidad lo m\u00e1s pronto posible y que, \u00abatr\u00e1s viene la segunda fase, que viene siendo la limpieza, la recolecci\u00f3n de la basura, los insumos que ya la gente lamentablemente perdi\u00f3 por esta contingencia, y la limpieza de las calles y del interior de las casas\u00bb.<\/p>\n<p data-reader-unique-id=\"9\">Agreg\u00f3 que tambi\u00e9n hay un compromiso de parte de la Secretar\u00eda de Bienestar a nivel federal, de la presidenta Claudia Sheinbaum, para realizar una evaluaci\u00f3n puntual, casa por casa, para evaluar qu\u00e9 condiciones de p\u00e9rdida tienen las viviendas en cada una de las 17 colonias m\u00e1s afectadas por la contingencia.<\/p>\n<p data-reader-unique-id=\"13\">Durante su recorrido, el gobernador salud\u00f3 a los elementos de la Secretar\u00eda de la Defensa que atienden la cocina comunitaria y el dispensario m\u00e9dico en la colonia Ernesto Zedillo, y adem\u00e1s fue a la casa del se\u00f1or Marcelo Mart\u00ednez, a quien le ofreci\u00f3 todo su apoyo para atender los problemas de salud que lo aquejan.<br data-reader-unique-id=\"14\" \/>\u00abEstamos muy orgullosos de lo que hacen por su gente\u00bb, les dijo Am\u00e9rico Villarreal a los militares.<\/p>\n<p data-reader-unique-id=\"15\">El gobernador reiter\u00f3 que hay una respuesta coordinada, firme y decidida y est\u00e1 por iniciar el plan de operaci\u00f3n de parte de la Secretar\u00eda de Bienestar del Gobierno de M\u00e9xico para el levantamiento de un censo de las viviendas afectadas.<\/p>\n<p data-reader-unique-id=\"16\">El mandar\u00edn presidi\u00f3 la reuni\u00f3n de evaluaci\u00f3n del Puesto de Comando Tamaulipas y realiz\u00f3 un sobrevuelo por la regi\u00f3n afectada por las lluvias, junto a la secretaria de Bienestar, Ariadna Montiel, la coordinadora nacional de Protecci\u00f3n Civil, Laura Vel\u00e1zquez, y la presidenta del DIF Estatal, Mar\u00eda de Villarreal.<\/p>\n<p data-reader-unique-id=\"17\">\u00abLa sociedad se siente atendida por un gobierno atento, solidario, humanista, y la prueba de ello es que nos est\u00e1n acompa\u00f1ando tanto la secretaria de Bienestar como la coordinadora nacional de Protecci\u00f3n Civil, nuestras Fuerzas Armadas, el Plan DN III y todas las instancias de los diferentes gobiernos federales, estatales y municipales\u00bb, dijo.<\/p>\n<p data-reader-unique-id=\"18\">\u00abEsto no obedece m\u00e1s que a una coordinaci\u00f3n de una presidenta, como la doctora Claudia Sheinbaum Pardo, que est\u00e1 conduciendo el pa\u00eds con esa visi\u00f3n de transformaci\u00f3n, con una visi\u00f3n humanista, en la que privilegia el bienestar y el desarrollo social\u00bb, agreg\u00f3.<\/p>\n<p data-reader-unique-id=\"19\">Durante la reuni\u00f3n, Ariadna Montiel expres\u00f3 que, por indicaciones de la presidenta Claudia Sheinbaum, una vez que concluya la fase de atenci\u00f3n a la poblaci\u00f3n y se recupere la vialidad, personal de la Secretar\u00eda de Bienestar realizar\u00e1 un censo de las viviendas afectadas en los pol\u00edgonos que determinen las autoridades locales.<\/p>\n<p data-reader-unique-id=\"20\">\u00abHemos podido constatar que los trabajos van muy avanzados, hemos estado en diversos fen\u00f3menos y creo que van en un avance muy sobresaliente\u00bb, indic\u00f3.<\/p>\n<p data-reader-unique-id=\"21\">En la reuni\u00f3n, la doctora Mar\u00eda de Villarreal expres\u00f3 que el DIF Tamaulipas apoyar\u00e1 a las familias reynosenses con material de limpieza y se incrementar\u00e1 el n\u00famero de despensas.<\/p>\n<p data-reader-unique-id=\"22\">Las autoridades informaron que, hasta el mediod\u00eda de este domingo, permanecen 74 personas en el albergue del polideportivo.<\/p>\n<p data-reader-unique-id=\"23\">Asimismo, se dio a conocer que los trabajos de limpieza se han iniciado en las 20 colonias donde se registraron las mayores afectaciones.<\/p>\n<p data-reader-unique-id=\"24\">Representantes de la Comisi\u00f3n Nacional del Agua y el secretario de Recursos Hidr\u00e1ulicos, Ra\u00fal Quiroga \u00c1lvarez, informaron que, con el uso de nueve equipos de bombas y m\u00e1quinas retroexcavadoras, se han desfogado 200 mil litros de agua de las colonias afectadas, mientras que el cauce del r\u00edo Bravo, aunque se elev\u00f3 considerablemente, ya no representa riesgo de desbordamiento, y el drenaje principal de Reynosa se mantiene al 75 por ciento de su capacidad.<\/p>\n<p data-reader-unique-id=\"25\">POR STAFF<br data-reader-unique-id=\"26\" \/>EXPRESO-LA RAZON<\/p>\n","protected":false},"excerpt":{"rendered":"<p>REYNOSA, TAMAULIPAS.- En un recorrido en las colonias afectadas por las inundaciones en esta ciudad, el gobernador Am\u00e9rico Villarreal Anaya asegur\u00f3 que se est\u00e1 avanzando y no se ha abandonado a la gente. \u00abNo est\u00e1n solos\u00bb, reiter\u00f3. En un encuentro con vecinos de las colonias Ernesto Zedillo, Juan Escutia, Delicias y Lomas del Villar, entre [&hellip;]<\/p>\n","protected":false},"author":4,"featured_media":19172,"comment_status":"closed","ping_status":"closed","sticky":false,"template":"","format":"standard","meta":{"footnotes":""},"categories":[20],"tags":[],"class_list":["post-19171","post","type-post","status-publish","format-standard","has-post-thumbnail","hentry","category-frontera"],"_links":{"self":[{"href":"https:\/\/conexiontotal.press\/index.php\/wp-json\/wp\/v2\/posts\/19171","targetHints":{"allow":["GET"]}}],"collection":[{"href":"https:\/\/conexiontotal.press\/index.php\/wp-json\/wp\/v2\/posts"}],"about":[{"href":"https:\/\/conexiontotal.press\/index.php\/wp-json\/wp\/v2\/types\/post"}],"author":[{"embeddable":true,"href":"https:\/\/conexiontotal.press\/index.php\/wp-json\/wp\/v2\/users\/4"}],"replies":[{"embeddable":true,"href":"https:\/\/conexiontotal.press\/index.php\/wp-json\/wp\/v2\/comments?post=19171"}],"version-history":[{"count":1,"href":"https:\/\/conexiontotal.press\/index.php\/wp-json\/wp\/v2\/posts\/19171\/revisions"}],"predecessor-version":[{"id":19173,"href":"https:\/\/conexiontotal.press\/index.php\/wp-json\/wp\/v2\/posts\/19171\/revisions\/19173"}],"wp:featuredmedia":[{"embeddable":true,"href":"https:\/\/conexiontotal.press\/index.php\/wp-json\/wp\/v2\/media\/19172"}],"wp:attachment":[{"href":"https:\/\/conexiontotal.press\/index.php\/wp-json\/wp\/v2\/media?parent=19171"}],"wp:term":[{"taxonomy":"category","embeddable":true,"href":"https:\/\/conexiontotal.press\/index.php\/wp-json\/wp\/v2\/categories?post=19171"},{"taxonomy":"post_tag","embeddable":true,"href":"https:\/\/conexiontotal.press\/index.php\/wp-json\/wp\/v2\/tags?post=19171"}],"curies":[{"name":"wp","href":"https:\/\/api.w.org\/{rel}","templated":true}]}}