{"id":19200,"date":"2025-03-31T10:48:44","date_gmt":"2025-03-31T16:48:44","guid":{"rendered":"https:\/\/conexiontotal.press\/?p=19200"},"modified":"2025-03-31T10:48:44","modified_gmt":"2025-03-31T16:48:44","slug":"imelda-garza-tunon-ya-no-quiere-peleas-con-maribel-guardia","status":"publish","type":"post","link":"https:\/\/conexiontotal.press\/index.php\/2025\/03\/31\/imelda-garza-tunon-ya-no-quiere-peleas-con-maribel-guardia\/","title":{"rendered":"Imelda Garza Tu\u00f1\u00f3n ya no quiere peleas con Maribel Guardia"},"content":{"rendered":"<p data-reader-unique-id=\"1\">M\u00c9XICO.- La pol\u00e9mica que envuelve a <strong data-reader-unique-id=\"2\">Maribel<\/strong>\u00a0<strong data-reader-unique-id=\"3\">Guardia<\/strong>\u00a0y a\u00a0<strong data-reader-unique-id=\"4\">Imelda<\/strong>\u00a0<strong data-reader-unique-id=\"5\">Garza<\/strong>\u00a0<strong data-reader-unique-id=\"6\">Tu\u00f1\u00f3n<\/strong>\u00a0podr\u00eda estar cerca de llegar a su fin en los pr\u00f3ximos meses. Despu\u00e9s del dictamen del juez, donde le dej\u00f3 la patria protestad de\u00a0<strong data-reader-unique-id=\"7\">Jos\u00e9<\/strong>\u00a0<strong data-reader-unique-id=\"8\">Juli\u00e1n<\/strong>, todo parece indicar que Imelda estar\u00eda queriendo arreglar los problemas con su suegra. Ahora confirm\u00f3 que buscar\u00eda un\u00a0<strong data-reader-unique-id=\"9\">primer<\/strong>\u00a0<strong data-reader-unique-id=\"10\">acercamiento<\/strong>\u00a0de cara al\u00a0<strong data-reader-unique-id=\"11\">10<\/strong>\u00a0<strong data-reader-unique-id=\"12\">de<\/strong>\u00a0<strong data-reader-unique-id=\"13\">mayo<\/strong>, donde buscar\u00eda pasar el\u00a0<strong data-reader-unique-id=\"14\">D\u00eda<\/strong>\u00a0<strong data-reader-unique-id=\"15\">de<\/strong>\u00a0<strong data-reader-unique-id=\"16\">las<\/strong>\u00a0<strong data-reader-unique-id=\"17\">Madres<\/strong>\u00a0juntas debido a la importancia que tiene\u00a0<strong data-reader-unique-id=\"18\">Juliancito<\/strong>\u00a0para la actriz costarricense.<\/p>\n<p data-reader-unique-id=\"19\">La idea de la joven de 28 a\u00f1os ser\u00eda poder pasar el\u00a0<strong data-reader-unique-id=\"20\">D\u00eda de las Madres\u00a0<\/strong>como en los viejos tiempos, es decir, que\u00a0<strong data-reader-unique-id=\"21\">Maribel<\/strong>\u00a0disfrute del\u00a0<strong data-reader-unique-id=\"22\">d\u00eda<\/strong>\u00a0<strong data-reader-unique-id=\"23\">junto<\/strong>\u00a0a su\u00a0<strong data-reader-unique-id=\"24\">nieto<\/strong>. En la declaraci\u00f3n\u00a0<strong data-reader-unique-id=\"25\">Imelda<\/strong>\u00a0dej\u00f3 claro que sabe que\u00a0<strong data-reader-unique-id=\"26\">Juliancito<\/strong>\u00a0es lo \u00fanico que le queda despu\u00e9s de la muerte de\u00a0<strong data-reader-unique-id=\"27\">Juli\u00e1n Figueroa<\/strong>, por lo que no le gustar\u00eda que pierda el contacto con su nieto.<\/p>\n<p data-reader-unique-id=\"35\">En declaraci\u00f3n a los medios de comunicaci\u00f3n en el Stage door House, Imelda dej\u00f3 claro que no pod\u00eda hablar del tema legal que tiene con su\u00a0<strong data-reader-unique-id=\"36\">suegra<\/strong>, pero lo que s\u00ed dej\u00f3 claro fue que ya est\u00e1 organizando todo para tener un\u00a0<strong data-reader-unique-id=\"37\">reencuentro<\/strong>\u00a0con\u00a0<strong data-reader-unique-id=\"38\">Maribel<\/strong>\u00a0<strong data-reader-unique-id=\"39\">Guardia<\/strong>. Sin dar muchos detalles, dej\u00f3 claro que ser\u00eda\u00a0<strong data-reader-unique-id=\"40\">para el 10 de mayo.\u00a0<\/strong><\/p>\n<blockquote data-reader-unique-id=\"41\">\n<p data-reader-unique-id=\"42\">\u00ab\u00daltimamente no he tenido comunicaci\u00f3n con ella, peor yo espero que podamos tener un acercamiento para el\u00a0<strong data-reader-unique-id=\"43\">D\u00eda de las Madres<\/strong>\u00a0porque yo s\u00e9 que, para una mujer, es muy fuerte, ella fue mam\u00e1, Jos\u00e9 Juli\u00e1n es un pedacito que\u00a0<strong data-reader-unique-id=\"44\">Juli\u00e1n<\/strong>\u00a0le dej\u00f3, espero tener un acercamiento con ella, para que pueda verlo\u00bb, expres\u00f3 la actriz de 28 a\u00f1os.<\/p>\n<\/blockquote>\n<figure data-reader-unique-id=\"49\"><img loading=\"lazy\" decoding=\"async\" class=\"\" src=\"https:\/\/heraldodemexico.com.mx\/u\/fotografias\/m\/2025\/3\/30\/f768x1-1106105_1106232_5050.jpg\" alt=\"\" width=\"768\" height=\"960\" data-reader-unique-id=\"50\" \/><figcaption data-reader-unique-id=\"51\">Imelda estar\u00eda buscando a Maribel Guardia para un reencuentro el 10 de mayo (IG: imetunon)<\/figcaption><\/figure>\n<h2 data-reader-unique-id=\"52\">\u00bfEl reencuentro entre Imelda y Maribel Guardia se realizar\u00eda el 10 de mayo?<\/h2>\n<p data-reader-unique-id=\"53\"><strong data-reader-unique-id=\"54\">Imelda<\/strong>\u00a0dejar\u00eda claro que quiere que la actriz de 65 a\u00f1os pueda\u00a0<strong data-reader-unique-id=\"55\">celebrar<\/strong>\u00a0el\u00a0<strong data-reader-unique-id=\"56\">10<\/strong>\u00a0<strong data-reader-unique-id=\"57\">de<\/strong>\u00a0<strong data-reader-unique-id=\"58\">mayo<\/strong>\u00a0con su nieto, pero tambi\u00e9n que no se podr\u00e1 hacer el encuentro entre\u00a0<strong data-reader-unique-id=\"59\">Juliancito<\/strong>\u00a0y\u00a0<strong data-reader-unique-id=\"60\">Maribel<\/strong>\u00a0<strong data-reader-unique-id=\"61\">Guardia<\/strong>\u00a0el mero\u00a0<strong data-reader-unique-id=\"62\">D\u00eda<\/strong>\u00a0<strong data-reader-unique-id=\"63\">de<\/strong>\u00a0<strong data-reader-unique-id=\"64\">las<\/strong>\u00a0<strong data-reader-unique-id=\"65\">Madres<\/strong>. La\u00a0<strong data-reader-unique-id=\"66\">viuda<\/strong>\u00a0de\u00a0<strong data-reader-unique-id=\"67\">Juli\u00e1n<\/strong>\u00a0<strong data-reader-unique-id=\"68\">Figueroa<\/strong>\u00a0ya tiene un plan para celebrar el d\u00eda con su mam\u00e1, por lo que no se podr\u00e1n reunir el mero d\u00eda\u00a0<strong data-reader-unique-id=\"69\">Juliancito<\/strong>\u00a0y su\u00a0<strong data-reader-unique-id=\"70\">abuela<\/strong>\u00a0<strong data-reader-unique-id=\"71\">paterna<\/strong>. En la declaraci\u00f3n dej\u00f3 claro que piensa salir de\u00a0<strong data-reader-unique-id=\"72\">viaje<\/strong>\u00a0con su\u00a0<strong data-reader-unique-id=\"73\">madre<\/strong>\u00a0y su\u00a0<strong data-reader-unique-id=\"74\">hijo<\/strong>.<\/p>\n<blockquote data-reader-unique-id=\"75\">\n<p data-reader-unique-id=\"76\">\u00abA lo mejor no el mero\u00a0<strong data-reader-unique-id=\"77\">D\u00eda de las Madres\u00a0<\/strong>porque yo pienso hacer un viaje con mi mam\u00e1 y mi hijo, pero s\u00ed que tengan un acercamiento\u00bb, expres\u00f3 a los medios de comunicaci\u00f3n.<\/p>\n<\/blockquote>\n<p data-reader-unique-id=\"78\">Otro punto que dej\u00f3 claro es que a pesar de buscar que\u00a0<strong data-reader-unique-id=\"79\">Maribel<\/strong>\u00a0<strong data-reader-unique-id=\"80\">Guardia<\/strong>\u00a0pueda ver a su nieto en el\u00a0<strong data-reader-unique-id=\"81\">D\u00eda<\/strong>\u00a0<strong data-reader-unique-id=\"82\">de<\/strong>\u00a0<strong data-reader-unique-id=\"83\">las<\/strong>\u00a0<strong data-reader-unique-id=\"84\">Madres<\/strong>\u00a0no quiere decir que no deje de tomar su distancia por lo ocurrido en las semanas anteriores. El \u00fanico motivo por el que querr\u00eda que\u00a0<strong data-reader-unique-id=\"85\">Juliancito<\/strong>\u00a0y la\u00a0<strong data-reader-unique-id=\"86\">costarricense<\/strong>\u00a0se re\u00fanan tiene que ver con que simpatiza con ella como madre, pero no quiere decir que ya olvid\u00f3 todo el\u00a0<strong data-reader-unique-id=\"87\">dolor<\/strong>\u00a0que le\u00a0<strong data-reader-unique-id=\"88\">ocasion\u00f3<\/strong>\u00a0al\u00a0<strong data-reader-unique-id=\"89\">alejarla<\/strong>\u00a0de su\u00a0<strong data-reader-unique-id=\"90\">hijo<\/strong>.<\/p>\n<p data-reader-unique-id=\"91\">\n<div class=\"iframe-wrapper\"><iframe loading=\"lazy\" title=\"\ud83d\udea8IMELDA GARZA &quot;NO QUIERO M\u00c1S GUERRA CON MARIBEL GUARDIA&quot;\ud83d\udea8QUIERO ESTAR CON ELLA EL DIA DE LAS MADRES\" src=\"https:\/\/www.youtube.com\/embed\/XwURp9HisU4\" width=\"665\" height=\"374\" frameborder=\"0\" sandbox=\"allow-scripts allow-same-origin\" allowfullscreen=\"allowfullscreen\" data-reader-unique-id=\"92\" data-mce-fragment=\"1\"><\/iframe><\/div>\n<p>&nbsp;<\/p>\n<p data-reader-unique-id=\"93\">CON INFORMACI\u00d3N DE EL HERALDO DE M\u00c9XICO<\/p>\n","protected":false},"excerpt":{"rendered":"<p>M\u00c9XICO.- La pol\u00e9mica que envuelve a Maribel\u00a0Guardia\u00a0y a\u00a0Imelda\u00a0Garza\u00a0Tu\u00f1\u00f3n\u00a0podr\u00eda estar cerca de llegar a su fin en los pr\u00f3ximos meses. Despu\u00e9s del dictamen del juez, donde le dej\u00f3 la patria protestad de\u00a0Jos\u00e9\u00a0Juli\u00e1n, todo parece indicar que Imelda estar\u00eda queriendo arreglar los problemas con su suegra. Ahora confirm\u00f3 que buscar\u00eda un\u00a0primer\u00a0acercamiento\u00a0de cara al\u00a010\u00a0de\u00a0mayo, donde buscar\u00eda pasar el\u00a0D\u00eda\u00a0de\u00a0las\u00a0Madres\u00a0juntas [&hellip;]<\/p>\n","protected":false},"author":4,"featured_media":19201,"comment_status":"closed","ping_status":"closed","sticky":false,"template":"","format":"standard","meta":{"footnotes":""},"categories":[16],"tags":[],"class_list":["post-19200","post","type-post","status-publish","format-standard","has-post-thumbnail","hentry","category-espectaculos"],"_links":{"self":[{"href":"https:\/\/conexiontotal.press\/index.php\/wp-json\/wp\/v2\/posts\/19200","targetHints":{"allow":["GET"]}}],"collection":[{"href":"https:\/\/conexiontotal.press\/index.php\/wp-json\/wp\/v2\/posts"}],"about":[{"href":"https:\/\/conexiontotal.press\/index.php\/wp-json\/wp\/v2\/types\/post"}],"author":[{"embeddable":true,"href":"https:\/\/conexiontotal.press\/index.php\/wp-json\/wp\/v2\/users\/4"}],"replies":[{"embeddable":true,"href":"https:\/\/conexiontotal.press\/index.php\/wp-json\/wp\/v2\/comments?post=19200"}],"version-history":[{"count":1,"href":"https:\/\/conexiontotal.press\/index.php\/wp-json\/wp\/v2\/posts\/19200\/revisions"}],"predecessor-version":[{"id":19202,"href":"https:\/\/conexiontotal.press\/index.php\/wp-json\/wp\/v2\/posts\/19200\/revisions\/19202"}],"wp:featuredmedia":[{"embeddable":true,"href":"https:\/\/conexiontotal.press\/index.php\/wp-json\/wp\/v2\/media\/19201"}],"wp:attachment":[{"href":"https:\/\/conexiontotal.press\/index.php\/wp-json\/wp\/v2\/media?parent=19200"}],"wp:term":[{"taxonomy":"category","embeddable":true,"href":"https:\/\/conexiontotal.press\/index.php\/wp-json\/wp\/v2\/categories?post=19200"},{"taxonomy":"post_tag","embeddable":true,"href":"https:\/\/conexiontotal.press\/index.php\/wp-json\/wp\/v2\/tags?post=19200"}],"curies":[{"name":"wp","href":"https:\/\/api.w.org\/{rel}","templated":true}]}}