{"id":19223,"date":"2025-04-03T14:42:52","date_gmt":"2025-04-03T20:42:52","guid":{"rendered":"https:\/\/conexiontotal.press\/?p=19223"},"modified":"2025-04-03T14:42:52","modified_gmt":"2025-04-03T20:42:52","slug":"video-disparan-armas-en-velorio-de-atacados-por-carlota-en-chalco-edomex","status":"publish","type":"post","link":"https:\/\/conexiontotal.press\/index.php\/2025\/04\/03\/video-disparan-armas-en-velorio-de-atacados-por-carlota-en-chalco-edomex\/","title":{"rendered":"VIDEO: Disparan armas en velorio de atacados por Carlota en Chalco, EdoMex"},"content":{"rendered":"<p>CIUDAD DE M\u00c9XICO.- El velorio de los dos hombres asesinados por la adulta mayor Carlota N, realizado anoche en Chalco, Estado de M\u00e9xico fue acompa\u00f1ado de decenas de personas en la calle, en las im\u00e1genes compartidas en redes sociales se vio a un joven lanzando balazos al aire.<\/p>\n<p>En el \u00faltimo adi\u00f3s a Madaleno N y otro joven de 19 a\u00f1os se escucharon balazos al paso de la carroza f\u00fanebre y tambi\u00e9n se vieron motocicletas realizando acelerones y dando vueltas en su lugar como forma de \u2018homenaje\u2019.<\/p>\n<p><img loading=\"lazy\" decoding=\"async\" class=\"alignnone size-medium wp-image-19224\" src=\"https:\/\/conexiontotal.press\/wp-content\/uploads\/2025\/04\/abuelasicariabaleado-int.jpg-180x300.jpg\" alt=\"\" width=\"180\" height=\"300\" srcset=\"https:\/\/conexiontotal.press\/wp-content\/uploads\/2025\/04\/abuelasicariabaleado-int.jpg-180x300.jpg 180w, https:\/\/conexiontotal.press\/wp-content\/uploads\/2025\/04\/abuelasicariabaleado-int.jpg.jpg 498w\" sizes=\"auto, (max-width: 180px) 100vw, 180px\" \/><\/p>\n<p>\u00bfEran invasores o no?<\/p>\n<blockquote class=\"twitter-tweet\">\n<p dir=\"ltr\" lang=\"es\">Vuelen alto angelitos!! \ud83d\udc94<br \/>\nYa est\u00e1n velando a los mugros que les dio piso la <a href=\"https:\/\/twitter.com\/hashtag\/abuelita?src=hash&amp;ref_src=twsrc%5Etfw\">#abuelita<\/a> en <a href=\"https:\/\/twitter.com\/hashtag\/Chalco?src=hash&amp;ref_src=twsrc%5Etfw\">#Chalco<\/a><br \/>\nTodo mundo opinando, pero minimo ya nos libramos de 2 \ud83d\udc00\ud83d\udc00<a href=\"https:\/\/twitter.com\/hashtag\/abuelitavengadora?src=hash&amp;ref_src=twsrc%5Etfw\">#abuelitavengadora<\/a> <a href=\"https:\/\/twitter.com\/hashtag\/abuelitajusticiera?src=hash&amp;ref_src=twsrc%5Etfw\">#abuelitajusticiera<\/a> <a href=\"https:\/\/t.co\/nUbYgYqoIC\">pic.twitter.com\/nUbYgYqoIC<\/a><\/p>\n<p>\u2014 territorio_mex (@Territorio_Mex) <a href=\"https:\/\/twitter.com\/Territorio_Mex\/status\/1907839687193960889?ref_src=twsrc%5Etfw\">April 3, 2025<\/a><\/p><\/blockquote>\n<p><script async src=\"https:\/\/platform.twitter.com\/widgets.js\" charset=\"utf-8\"><\/script><\/p>\n<p>En redes sociales ha destacado que las personas que ocupaban la casa de do\u00f1a Carlota N eran invasores e incluso se\u00f1alan que pertenecen al Sindicato 22 de Octubre.<\/p>\n<p>Los presuntos \u2018paracaidistas\u2019 que sobrevivieron se\u00f1alaron que no eran invasores e incluso pagaban renta a una persona que contactaron a trav\u00e9s de redes sociales y que les dijo era el due\u00f1o de la casa ubicada en la Unidad Habitacional Ex Hacienda de Guadalupe.<\/p>\n<p>Presum\u00eda armas uno de ellos<\/p>\n<p>En m\u00e1s sobre uno de los baleados y ocupantes de la casa de la abuelita Carlota, lo muestran en sus redes sociales posando con armas de fuego.<\/p>\n<p>Se trata de Cristian N. Uno de los sobrevivientes, fue exhibido cuando presum\u00eda un arma larga y una corta en su Facebook.<\/p>\n<p>Abuelita Carlota y sus dos hijos<\/p>\n<p>Respecto a la abuela Carlota y sus dos hijos, Eduardo y Mariana \u2014hermanos del exdiputado Arturo \u2018N\u2019\u2014, los tres fueron detenidos.<\/p>\n<p>Do\u00f1a Carlota se justific\u00f3 del ataque que realiz\u00f3 a balazos, argument\u00f3 que, debido a su edad (74 a\u00f1os), ya tiene problemas mentales como esquizofrenia, y que eso la llev\u00f3 a actuar agresivamente.<\/p>\n<p>Con informaci\u00f3n de EXC\u00c9LSIOR<span class=\"Apple-converted-space\">\u00a0<\/span><\/p>\n","protected":false},"excerpt":{"rendered":"<p>CIUDAD DE M\u00c9XICO.- El velorio de los dos hombres asesinados por la adulta mayor Carlota N, realizado anoche en Chalco, Estado de M\u00e9xico fue acompa\u00f1ado de decenas de personas en la calle, en las im\u00e1genes compartidas en redes sociales se vio a un joven lanzando balazos al aire. En el \u00faltimo adi\u00f3s a Madaleno N [&hellip;]<\/p>\n","protected":false},"author":4,"featured_media":19225,"comment_status":"closed","ping_status":"closed","sticky":false,"template":"","format":"standard","meta":{"footnotes":""},"categories":[12],"tags":[],"class_list":["post-19223","post","type-post","status-publish","format-standard","has-post-thumbnail","hentry","category-mexico"],"_links":{"self":[{"href":"https:\/\/conexiontotal.press\/index.php\/wp-json\/wp\/v2\/posts\/19223","targetHints":{"allow":["GET"]}}],"collection":[{"href":"https:\/\/conexiontotal.press\/index.php\/wp-json\/wp\/v2\/posts"}],"about":[{"href":"https:\/\/conexiontotal.press\/index.php\/wp-json\/wp\/v2\/types\/post"}],"author":[{"embeddable":true,"href":"https:\/\/conexiontotal.press\/index.php\/wp-json\/wp\/v2\/users\/4"}],"replies":[{"embeddable":true,"href":"https:\/\/conexiontotal.press\/index.php\/wp-json\/wp\/v2\/comments?post=19223"}],"version-history":[{"count":1,"href":"https:\/\/conexiontotal.press\/index.php\/wp-json\/wp\/v2\/posts\/19223\/revisions"}],"predecessor-version":[{"id":19226,"href":"https:\/\/conexiontotal.press\/index.php\/wp-json\/wp\/v2\/posts\/19223\/revisions\/19226"}],"wp:featuredmedia":[{"embeddable":true,"href":"https:\/\/conexiontotal.press\/index.php\/wp-json\/wp\/v2\/media\/19225"}],"wp:attachment":[{"href":"https:\/\/conexiontotal.press\/index.php\/wp-json\/wp\/v2\/media?parent=19223"}],"wp:term":[{"taxonomy":"category","embeddable":true,"href":"https:\/\/conexiontotal.press\/index.php\/wp-json\/wp\/v2\/categories?post=19223"},{"taxonomy":"post_tag","embeddable":true,"href":"https:\/\/conexiontotal.press\/index.php\/wp-json\/wp\/v2\/tags?post=19223"}],"curies":[{"name":"wp","href":"https:\/\/api.w.org\/{rel}","templated":true}]}}