{"id":19414,"date":"2025-05-01T16:44:19","date_gmt":"2025-05-01T22:44:19","guid":{"rendered":"https:\/\/conexiontotal.press\/?p=19414"},"modified":"2025-05-01T16:44:19","modified_gmt":"2025-05-01T22:44:19","slug":"confirman-enroques-en-la-fiscalia-general-de-tamaulipas","status":"publish","type":"post","link":"https:\/\/conexiontotal.press\/index.php\/2025\/05\/01\/confirman-enroques-en-la-fiscalia-general-de-tamaulipas\/","title":{"rendered":"Confirman enroques en la Fiscal\u00eda General de Tamaulipas"},"content":{"rendered":"<p>VICTORIA, Tam.- Elizabeth Almanza \u00c1valos, fue nombrada Vicefiscal Ministerial de la Fiscal\u00eda General de Justicia de Tamaulipas, mientras Jorge Ernesto Mac\u00edas Espinosa a partir de este d\u00eda ocupa la titularidad de la Fiscal Especializado en la Investigaci\u00f3n de los Delitos de Desaparici\u00f3n Forzada de Personas.<\/p>\n<p>El Fiscal General del Estado, Irving Barrios Mojica, entreg\u00f3 los nombramientos a los nuevos titulares de las dependencias de personas no localizadas y desaparecidas.<\/p>\n<p>Elizabeth Almanza \u00c1valos, quien anteriormente ocupaba el cargo de Fiscal Especializado en la Investigaci\u00f3n de los Delitos de Desaparici\u00f3n Forzada de Personas, sustituye en el cargo a partir de este 1 de mayo, a Enrique Feregrino Taboada, quien renunci\u00f3 al cargo de Vicefiscal en febrero pasado.<\/p>\n<p>Almanza \u00c1valos cuenta con una amplia trayectoria en la procuraci\u00f3n de justicia, ha sido Agente del Ministerio y Fiscal Regional, en la Procuradur\u00eda General de Justicia del Estado M\u00e9xico, Directora de Litigaci\u00f3n en la entonces Procuradur\u00eda General del Estado de Michoac\u00e1n as\u00ed como Fiscal Especializada en la Investigaci\u00f3n de los Delitos de Desaparici\u00f3n Forzada de Personas de esta instituci\u00f3n.<\/p>\n<p>Como Fiscal de delitos de desaparici\u00f3n forzada de personas, se crearon los grupos especializados para la b\u00fasqueda inmediata, y la identificaci\u00f3n de personas fallecidas desconocidas; y formaliz\u00f3 convenios con instancias nacionales e internacionales, para la obtenci\u00f3n de apoyo t\u00e9cnico en materia de identificaci\u00f3n humana con la Fundaci\u00f3n de Antropolog\u00eda Forense de Guatemala, el Comit\u00e9 internacional de la Cruz Roja, el Fondo de Poblaci\u00f3n de las Naciones Unidas y la Comisi\u00f3n Nacional de B\u00fasqueda.<span class=\"Apple-converted-space\">\u00a0<\/span><\/p>\n<p>En tanto, Jorge Ernesto Mac\u00edas Espinosa, se desempe\u00f1\u00f3 como titular de la Comisi\u00f3n de B\u00fasqueda de Personas, desde el 13 de febrero del 2018, cuando fue avalado por el Congreso del Estado, a propuesta de varios colectivos de Tamaulipas y San Luis Potos\u00ed.<\/p>\n<p>Antes de eso, se desempe\u00f1\u00f3 como Agente del Ministerio P\u00fablico Investigador en la Unidad Especializada en la Investigaci\u00f3n y Tratamiento de Cad\u00e1veres de Personas no Localizadas, agente del Ministerio P\u00fablico y oficial secretario, entre otros cargos.<\/p>\n<p>Tamaulipas ocupa el tercer lugar nacional con 13,432 personas desaparecidas y no localizadas; mientras el Estado de M\u00e9xico se ubica en segundo lugar con 13,922 y Jalisco contabiliza 15,219 personas desaparecidas y no localizadas, de acuerdo con el Registro Nacional de Personas Desaparecidas y no Localizadas.<\/p>\n<p>Perla Res\u00e9ndez<span class=\"Apple-converted-space\">\u00a0<\/span><\/p>\n","protected":false},"excerpt":{"rendered":"<p>VICTORIA, Tam.- Elizabeth Almanza \u00c1valos, fue nombrada Vicefiscal Ministerial de la Fiscal\u00eda General de Justicia de Tamaulipas, mientras Jorge Ernesto Mac\u00edas Espinosa a partir de este d\u00eda ocupa la titularidad de la Fiscal Especializado en la Investigaci\u00f3n de los Delitos de Desaparici\u00f3n Forzada de Personas. El Fiscal General del Estado, Irving Barrios Mojica, entreg\u00f3 los [&hellip;]<\/p>\n","protected":false},"author":4,"featured_media":19415,"comment_status":"closed","ping_status":"closed","sticky":false,"template":"","format":"standard","meta":{"footnotes":""},"categories":[3],"tags":[],"class_list":["post-19414","post","type-post","status-publish","format-standard","has-post-thumbnail","hentry","category-victoria"],"_links":{"self":[{"href":"https:\/\/conexiontotal.press\/index.php\/wp-json\/wp\/v2\/posts\/19414","targetHints":{"allow":["GET"]}}],"collection":[{"href":"https:\/\/conexiontotal.press\/index.php\/wp-json\/wp\/v2\/posts"}],"about":[{"href":"https:\/\/conexiontotal.press\/index.php\/wp-json\/wp\/v2\/types\/post"}],"author":[{"embeddable":true,"href":"https:\/\/conexiontotal.press\/index.php\/wp-json\/wp\/v2\/users\/4"}],"replies":[{"embeddable":true,"href":"https:\/\/conexiontotal.press\/index.php\/wp-json\/wp\/v2\/comments?post=19414"}],"version-history":[{"count":1,"href":"https:\/\/conexiontotal.press\/index.php\/wp-json\/wp\/v2\/posts\/19414\/revisions"}],"predecessor-version":[{"id":19416,"href":"https:\/\/conexiontotal.press\/index.php\/wp-json\/wp\/v2\/posts\/19414\/revisions\/19416"}],"wp:featuredmedia":[{"embeddable":true,"href":"https:\/\/conexiontotal.press\/index.php\/wp-json\/wp\/v2\/media\/19415"}],"wp:attachment":[{"href":"https:\/\/conexiontotal.press\/index.php\/wp-json\/wp\/v2\/media?parent=19414"}],"wp:term":[{"taxonomy":"category","embeddable":true,"href":"https:\/\/conexiontotal.press\/index.php\/wp-json\/wp\/v2\/categories?post=19414"},{"taxonomy":"post_tag","embeddable":true,"href":"https:\/\/conexiontotal.press\/index.php\/wp-json\/wp\/v2\/tags?post=19414"}],"curies":[{"name":"wp","href":"https:\/\/api.w.org\/{rel}","templated":true}]}}