{"id":19433,"date":"2025-05-02T11:47:42","date_gmt":"2025-05-02T17:47:42","guid":{"rendered":"https:\/\/conexiontotal.press\/?p=19433"},"modified":"2025-05-02T11:47:42","modified_gmt":"2025-05-02T17:47:42","slug":"alistan-festival-cultural-y-feria","status":"publish","type":"post","link":"https:\/\/conexiontotal.press\/index.php\/2025\/05\/02\/alistan-festival-cultural-y-feria\/","title":{"rendered":"Alistan Festival cultural y Feria"},"content":{"rendered":"<p data-reader-unique-id=\"1\">CIUDAD VICTORIA, TAMAULIPAS.- El gobernador Am\u00e9rico Villarreal Anaya, sostuvo la primera reuni\u00f3n para organizar la Edici\u00f3n 23 del Festival Internacional en la Costa del Seno Mexicano y la Feria Tamaulipas que se realizar\u00e1n el pr\u00f3ximo mes de octubre en los 43 municipios de la entidad y en la capital, respectivamente.<\/p>\n<p data-reader-unique-id=\"2\">\u201cSer\u00e1 una fiesta que promueva la cultura y la diversi\u00f3n de todas las familias\u201d, expres\u00f3 el titular del ejecutivo estatal a los organizadores.<\/p>\n<p data-reader-unique-id=\"6\">La Edici\u00f3n 23 del Festival Internacional en la Costa del Seno Mexicano se realizar\u00e1 del 3 al 12 de octubre y la Feria Tamaulipas del 16 al 27 del mismo mes.<\/p>\n<p data-reader-unique-id=\"7\">Acompa\u00f1aron al mandatario tamaulipeco las secretarias de Bienestar, Silvia Casas; de Econom\u00eda, Ninfa Cant\u00fa De\u00e1ndar; H\u00e9ctor Romero Lecanda, director del ITCA y empresarios concesionarios de la feria.<\/p>\n<p data-reader-unique-id=\"11\">Originalmente fundado por Am\u00e9rico Villarreal Guerra, el festival fue revivido en esta administraci\u00f3n a iniciativa de Am\u00e9rico Villarreal Anaya, con el objetivo de fortalecer la herencia cultural de Tamaulipas y ofrecer a los ciudadanos un espacio de encuentro art\u00edstico.<\/p>\n<p data-reader-unique-id=\"12\">Se ha buscado destacar a los artistas locales de trayectoria; y al mismo tiempo se cuenta con la \u00abcartelera nacional e internacional\u00bb en teatros y plazas.<\/p>\n<p data-reader-unique-id=\"13\">El a\u00f1o pasado, el festival se llev\u00f3 a cabo del 25 de octubre al 03 de noviembre.<br data-reader-unique-id=\"14\" \/>Los tamaulipecos pudieron disfrutar, de manera gratuita, espect\u00e1culos de talla mundial, en un entorno donde el arte y la cultura se convertir\u00e1n en poderosas herramientas de transformaci\u00f3n para nuestro estado.<\/p>\n<p data-reader-unique-id=\"15\">La cartera cont\u00f3 con artistas de M\u00e9xico, Suiza, Colombia, Argentina, Estados Unidos y Canad\u00e1, entre otros pa\u00edses; para lograr que el intercambio cultural entre las naciones se fortalezca y que la cultura tamaulipeca sea tambi\u00e9n un referente para el mundo.<\/p>\n<p data-reader-unique-id=\"16\">\u201cPara las y los tamaulipecos, este festival es efectivamente un escenario, con la mejor de nuestras expresiones creativas y de la diversidad art\u00edstica puestas al servicio del di\u00e1logo, de la reflexi\u00f3n y la sensibilizaci\u00f3n ante la grandeza del arte en todas sus formas\u201d, expres\u00f3 el gobernador el a\u00f1o pasado.<\/p>\n<p data-reader-unique-id=\"17\">\u201cUn festival que brinda a las y los tamaulipecos momentos memorables, as\u00ed como la apropiaci\u00f3n y resignificaci\u00f3n del espacio p\u00fablico y del humanismo que nos hermana a trav\u00e9s del sentido que damos nosotros mismos a la experiencia y el contexto sociocultural que vivimos\u201d, agreg\u00f3.<\/p>\n<p data-reader-unique-id=\"18\">Por Staff<br data-reader-unique-id=\"19\" \/>Expreso-La Raz\u00f3n<\/p>\n","protected":false},"excerpt":{"rendered":"<p>CIUDAD VICTORIA, TAMAULIPAS.- El gobernador Am\u00e9rico Villarreal Anaya, sostuvo la primera reuni\u00f3n para organizar la Edici\u00f3n 23 del Festival Internacional en la Costa del Seno Mexicano y la Feria Tamaulipas que se realizar\u00e1n el pr\u00f3ximo mes de octubre en los 43 municipios de la entidad y en la capital, respectivamente. \u201cSer\u00e1 una fiesta que promueva [&hellip;]<\/p>\n","protected":false},"author":4,"featured_media":19434,"comment_status":"closed","ping_status":"closed","sticky":false,"template":"","format":"standard","meta":{"footnotes":""},"categories":[3],"tags":[],"class_list":["post-19433","post","type-post","status-publish","format-standard","has-post-thumbnail","hentry","category-victoria"],"_links":{"self":[{"href":"https:\/\/conexiontotal.press\/index.php\/wp-json\/wp\/v2\/posts\/19433","targetHints":{"allow":["GET"]}}],"collection":[{"href":"https:\/\/conexiontotal.press\/index.php\/wp-json\/wp\/v2\/posts"}],"about":[{"href":"https:\/\/conexiontotal.press\/index.php\/wp-json\/wp\/v2\/types\/post"}],"author":[{"embeddable":true,"href":"https:\/\/conexiontotal.press\/index.php\/wp-json\/wp\/v2\/users\/4"}],"replies":[{"embeddable":true,"href":"https:\/\/conexiontotal.press\/index.php\/wp-json\/wp\/v2\/comments?post=19433"}],"version-history":[{"count":1,"href":"https:\/\/conexiontotal.press\/index.php\/wp-json\/wp\/v2\/posts\/19433\/revisions"}],"predecessor-version":[{"id":19435,"href":"https:\/\/conexiontotal.press\/index.php\/wp-json\/wp\/v2\/posts\/19433\/revisions\/19435"}],"wp:featuredmedia":[{"embeddable":true,"href":"https:\/\/conexiontotal.press\/index.php\/wp-json\/wp\/v2\/media\/19434"}],"wp:attachment":[{"href":"https:\/\/conexiontotal.press\/index.php\/wp-json\/wp\/v2\/media?parent=19433"}],"wp:term":[{"taxonomy":"category","embeddable":true,"href":"https:\/\/conexiontotal.press\/index.php\/wp-json\/wp\/v2\/categories?post=19433"},{"taxonomy":"post_tag","embeddable":true,"href":"https:\/\/conexiontotal.press\/index.php\/wp-json\/wp\/v2\/tags?post=19433"}],"curies":[{"name":"wp","href":"https:\/\/api.w.org\/{rel}","templated":true}]}}