{"id":19509,"date":"2025-05-06T10:01:26","date_gmt":"2025-05-06T16:01:26","guid":{"rendered":"https:\/\/conexiontotal.press\/?p=19509"},"modified":"2025-05-06T10:01:43","modified_gmt":"2025-05-06T16:01:43","slug":"sep-estos-son-los-ultimos-puentes-del-ciclo-escolar-2024-2025","status":"publish","type":"post","link":"https:\/\/conexiontotal.press\/index.php\/2025\/05\/06\/sep-estos-son-los-ultimos-puentes-del-ciclo-escolar-2024-2025\/","title":{"rendered":"SEP: Estos son los \u00faltimos puentes del Ciclo Escolar 2024-2025"},"content":{"rendered":"<p data-reader-unique-id=\"1\">El ciclo escolar 2024-2025 de la Secretar\u00eda de Educaci\u00f3n P\u00fablica (SEP) est\u00e1 en su recta final, y con el puente del 5 de mayo, en conmemoraci\u00f3n de la Batalla de Puebla, ya superado, los estudiantes, padres de familia, alumnos y docentes se preguntan cu\u00e1les son los d\u00edas de descanso que a\u00fan quedan antes del cierre del ciclo el 16 de julio de 2025.<\/p>\n<p data-reader-unique-id=\"2\">A continuaci\u00f3n, te presentamos un resumen detallado de los d\u00edas feriados, puentes y suspensiones de clases que restan, seg\u00fan el calendario oficial de la SEP, para que puedas planificar con anticipaci\u00f3n.<\/p>\n<p data-reader-unique-id=\"10\">Es importante recordar que el 10 de mayo (D\u00eda de las Madres) no es un feriado oficial, pero algunas escuelas podr\u00edan organizar eventos o suspender clases, por lo que se recomienda verificar con las autoridades escolares.<\/p>\n<blockquote class=\"twitter-tweet\">\n<p dir=\"ltr\" lang=\"es\"><a href=\"https:\/\/twitter.com\/hashtag\/SEPInforma?src=hash&amp;ref_src=twsrc%5Etfw\">#SEPInforma<\/a>\ud83d\uddde\ufe0f<\/p>\n<p>Publicamos en el <a href=\"https:\/\/twitter.com\/DOF_SEGOB?ref_src=twsrc%5Etfw\">@DOF_SEGOB<\/a> el Calendario Escolar 2024-2025 de 190 d\u00edas para <a href=\"https:\/\/twitter.com\/hashtag\/Educaci%C3%B3nB%C3%A1sica?src=hash&amp;ref_src=twsrc%5Etfw\">#Educaci\u00f3nB\u00e1sica<\/a>, vigente para escuelas p\u00fablicas y particulares, as\u00ed como el calendario de 195 d\u00edas para Educaci\u00f3n Normal y para la formaci\u00f3n de docentes de este nivel educativo. \ud83d\uddd3\ufe0f\ud83c\udfeb\ud83c\uddf2\ud83c\uddfd\u2026 <a href=\"https:\/\/t.co\/NfV0MTHuWs\">pic.twitter.com\/NfV0MTHuWs<\/a><\/p>\n<p>\u2014 SEP M\u00e9xico (@SEP_mx) <a href=\"https:\/\/twitter.com\/SEP_mx\/status\/1800232425366188410?ref_src=twsrc%5Etfw\">June 10, 2024<\/a><\/p><\/blockquote>\n<p><script async src=\"https:\/\/platform.twitter.com\/widgets.js\" charset=\"utf-8\"><\/script><\/p>\n<p data-reader-unique-id=\"11\"><strong data-reader-unique-id=\"12\">Estos son los d\u00edas sin clases que le quedan a los estudiantes<\/strong><\/p>\n<p data-reader-unique-id=\"19\">Mayo es uno de los meses con m\u00e1s d\u00edas sin clases, y tras el puente del 5 de mayo, a\u00fan quedan dos fechas clave:<\/p>\n<p data-reader-unique-id=\"20\">15 de mayo (D\u00eda del Maestro): Este d\u00eda, que cae en jueves, es un feriado oficial para conmemorar a los docentes. Las clases se suspenden en todos los niveles de educaci\u00f3n b\u00e1sica (preescolar, primaria y secundaria), tanto en escuelas p\u00fablicas como privadas incorporadas al Sistema Educativo Nacional. Este d\u00eda no se recorre, por lo que no habr\u00e1 puente extendido, pero los estudiantes disfrutar\u00e1n de un descanso a mitad de semana.<\/p>\n<p data-reader-unique-id=\"25\">30 de mayo (Consejo T\u00e9cnico Escolar): El \u00faltimo viernes de mayo est\u00e1 marcado para la sesi\u00f3n del Consejo T\u00e9cnico Escolar (CTE). Como es habitual, las actividades escolares se suspenden para que los docentes participen en esta jornada de capacitaci\u00f3n. Al ser viernes, este d\u00eda genera un puente que se extiende hasta el domingo, ofreciendo un fin de semana largo para las familias.<\/p>\n<p data-reader-unique-id=\"26\">En junio, los estudiantes tendr\u00e1n un \u00fanico d\u00eda de suspensi\u00f3n de clases:<\/p>\n<p data-reader-unique-id=\"27\">27 de junio (Consejo T\u00e9cnico Escolar): El \u00faltimo viernes de junio est\u00e1 reservado para otra sesi\u00f3n del CTE, lo que significa que no habr\u00e1 clases. Al igual que en mayo, este d\u00eda genera un puente de fin de semana, ideal para un descanso antes del sprint final del ciclo escolar.<br data-reader-unique-id=\"28\" \/>El calendario escolar de la SEP establece que el ciclo 2024-2025 concluir\u00e1 el 16 de julio de 2025. Antes de esta fecha, hay un d\u00eda administrativo relevante:<\/p>\n<p data-reader-unique-id=\"33\">11 de julio (Registro de calificaciones): Este viernes est\u00e1 destinado al registro de calificaciones, lo que podr\u00eda implicar la suspensi\u00f3n de clases en la mayor\u00eda de las escuelas. Aunque no es un feriado oficial, los estudiantes podr\u00edan tener el d\u00eda libre, creando un puente de fin de semana.<\/p>\n<p data-reader-unique-id=\"34\">Tras el 16 de julio, comienzan las vacaciones de verano, que se extienden hasta el 31 de julio, marcando el fin oficial del ciclo escolar. Durante este periodo, los docentes participar\u00e1n en talleres intensivos los d\u00edas 17 y 18 de julio, pero los estudiantes ya estar\u00e1n de vacaciones.<\/p>\n<p data-reader-unique-id=\"35\">Con solo cuatro d\u00edas de suspensi\u00f3n de clases restantes, los estudiantes de educaci\u00f3n b\u00e1sica tienen pocas oportunidades de descanso antes del fin del ciclo.<\/p>\n<p data-reader-unique-id=\"40\">Estos puentes son ideales para actividades familiares o para que los estudiantes recarguen energ\u00edas antes de las evaluaciones finales. Adem\u00e1s, el periodo vacacional de verano ser\u00e1 una gran oportunidad para planificar viajes o actividades recreativas.<\/p>\n<p data-reader-unique-id=\"41\">Para m\u00e1s detalles, consulta el calendario oficial en el sitio de la SEP. Mantente atento a las indicaciones de las autoridades escolares, ya que algunas fechas pueden variar seg\u00fan las necesidades locales. \u00a1Aprovecha al m\u00e1ximo los \u00faltimos puentes del ciclo escolar 2024-2025!<\/p>\n<p data-reader-unique-id=\"42\">CON INFORMACI\u00d3N DE EL HERALDO DE M\u00c9XICO<\/p>\n","protected":false},"excerpt":{"rendered":"<p>El ciclo escolar 2024-2025 de la Secretar\u00eda de Educaci\u00f3n P\u00fablica (SEP) est\u00e1 en su recta final, y con el puente del 5 de mayo, en conmemoraci\u00f3n de la Batalla de Puebla, ya superado, los estudiantes, padres de familia, alumnos y docentes se preguntan cu\u00e1les son los d\u00edas de descanso que a\u00fan quedan antes del cierre [&hellip;]<\/p>\n","protected":false},"author":4,"featured_media":19510,"comment_status":"closed","ping_status":"closed","sticky":false,"template":"","format":"standard","meta":{"footnotes":""},"categories":[12],"tags":[],"class_list":["post-19509","post","type-post","status-publish","format-standard","has-post-thumbnail","hentry","category-mexico"],"_links":{"self":[{"href":"https:\/\/conexiontotal.press\/index.php\/wp-json\/wp\/v2\/posts\/19509","targetHints":{"allow":["GET"]}}],"collection":[{"href":"https:\/\/conexiontotal.press\/index.php\/wp-json\/wp\/v2\/posts"}],"about":[{"href":"https:\/\/conexiontotal.press\/index.php\/wp-json\/wp\/v2\/types\/post"}],"author":[{"embeddable":true,"href":"https:\/\/conexiontotal.press\/index.php\/wp-json\/wp\/v2\/users\/4"}],"replies":[{"embeddable":true,"href":"https:\/\/conexiontotal.press\/index.php\/wp-json\/wp\/v2\/comments?post=19509"}],"version-history":[{"count":2,"href":"https:\/\/conexiontotal.press\/index.php\/wp-json\/wp\/v2\/posts\/19509\/revisions"}],"predecessor-version":[{"id":19512,"href":"https:\/\/conexiontotal.press\/index.php\/wp-json\/wp\/v2\/posts\/19509\/revisions\/19512"}],"wp:featuredmedia":[{"embeddable":true,"href":"https:\/\/conexiontotal.press\/index.php\/wp-json\/wp\/v2\/media\/19510"}],"wp:attachment":[{"href":"https:\/\/conexiontotal.press\/index.php\/wp-json\/wp\/v2\/media?parent=19509"}],"wp:term":[{"taxonomy":"category","embeddable":true,"href":"https:\/\/conexiontotal.press\/index.php\/wp-json\/wp\/v2\/categories?post=19509"},{"taxonomy":"post_tag","embeddable":true,"href":"https:\/\/conexiontotal.press\/index.php\/wp-json\/wp\/v2\/tags?post=19509"}],"curies":[{"name":"wp","href":"https:\/\/api.w.org\/{rel}","templated":true}]}}