{"id":19522,"date":"2025-05-07T10:09:49","date_gmt":"2025-05-07T16:09:49","guid":{"rendered":"https:\/\/conexiontotal.press\/?p=19522"},"modified":"2025-05-07T10:10:54","modified_gmt":"2025-05-07T16:10:54","slug":"video-dos-ninos-de-12-anos-se-casan-y-lo-transmiten-en-vivo-por-facebook","status":"publish","type":"post","link":"https:\/\/conexiontotal.press\/index.php\/2025\/05\/07\/video-dos-ninos-de-12-anos-se-casan-y-lo-transmiten-en-vivo-por-facebook\/","title":{"rendered":"VIDEO: Dos ni\u00f1os de 12 a\u00f1os se casan y lo transmiten en vivo por Facebook"},"content":{"rendered":"<p data-reader-unique-id=\"1\">Un nuevo caso de matrimonio infantil ha impactado a la comunidad de Guerrero luego de que se diera a conocer la boda entre dos menores de 12 a\u00f1os de edad, identificados como Natalia y Miguel quienes presuntamente contrajeron matrimonio bajo el consentimiento de sus padres.<\/p>\n<p data-reader-unique-id=\"2\">El caso que ha generado una ola de indignaci\u00f3n ocurri\u00f3 en San Pedro Cuitlapan, donde los menores aparecen con sus trajes t\u00edpicos de la ceremonia de enlace, la fiesta fue el pasado 4 de mayo y transmitida a trav\u00e9s de un en vivo de Facebook.<\/p>\n<p data-reader-unique-id=\"10\">Si bien la pareja de adolescentes habitantes de los l\u00edmites de Costa Chica y la Monta\u00f1a de Guerrero cuentan con la misma edad y en apariencia no hubieron amenazas o sometimiento para concluir el matrimonio, gener\u00f3 un debate entre los usuarios que observaron el festejo sobre la ilegalidad y preocupaci\u00f3n por sus edades.<\/p>\n<blockquote class=\"twitter-tweet\">\n<p dir=\"ltr\" lang=\"es\">\ud83d\udc94 Indignaci\u00f3n en redes por <a href=\"https:\/\/twitter.com\/hashtag\/boda?src=hash&amp;ref_src=twsrc%5Etfw\">#boda<\/a> de ni\u00f1os en <a href=\"https:\/\/twitter.com\/hashtag\/Guerrero?src=hash&amp;ref_src=twsrc%5Etfw\">#Guerrero<\/a>.<\/p>\n<p>\u274c <a href=\"https:\/\/twitter.com\/hashtag\/Natalia?src=hash&amp;ref_src=twsrc%5Etfw\">#Natalia<\/a> y <a href=\"https:\/\/twitter.com\/hashtag\/Miguel?src=hash&amp;ref_src=twsrc%5Etfw\">#Miguel<\/a>, ambos de 12 a\u00f1os de edad, contrajeron <a href=\"https:\/\/twitter.com\/hashtag\/matrimonio?src=hash&amp;ref_src=twsrc%5Etfw\">#matrimonio<\/a> con el consentimiento de sus familias en la comunidad de San Pedro Cuitlapan.<\/p>\n<p>\u26a0\ufe0f El hecho ha desatado una ola de cr\u00edticas y debate sobre los\u2026 <a href=\"https:\/\/t.co\/ibK6HAIUfW\">pic.twitter.com\/ibK6HAIUfW<\/a><\/p>\n<p>\u2014 Arturo Luna Silva (@ALunaSilva) <a href=\"https:\/\/twitter.com\/ALunaSilva\/status\/1919874717986783496?ref_src=twsrc%5Etfw\">May 6, 2025<\/a><\/p><\/blockquote>\n<p><script async src=\"https:\/\/platform.twitter.com\/widgets.js\" charset=\"utf-8\"><\/script><\/p>\n<p data-reader-unique-id=\"14\"><strong data-reader-unique-id=\"15\">\u00bfEs ilegal el matrimonio infantil en M\u00e9xico?<br data-reader-unique-id=\"16\" \/>Si bien al matrimonio infantil se le reconoce por la uni\u00f3n de dos personas donde uno de los c\u00f3nyuges es menor de 18 a\u00f1os, se establece que la pr\u00e1ctica generalizada que se hace de manera normal afecta a 1 de cada 5 ni\u00f1as quienes en su mayor\u00eda contraen nupcias con hombres mayores.<\/strong><\/p>\n<p data-reader-unique-id=\"18\">En 2024, el Congreso de M\u00e9xico aprob\u00f3 cambios a la Constituci\u00f3n para modificar el art\u00edculo 2\u00ba que impide a las personas mayores contraer matrimonio con ni\u00f1os y ni\u00f1as sobre todo en comunidades ind\u00edgenas.<\/p>\n<p data-reader-unique-id=\"19\">El gobierno de M\u00e9xico ha destacado que esto expone a las ni\u00f1as y ni\u00f1os a la marginaci\u00f3n, al vulnerar sus derechos en la infancia, despojadas de ella para poder recibir violencia, embarazo precoz, abandono escolar o pobreza por sus condiciones de vida.<\/p>\n<p data-reader-unique-id=\"20\">Por la edad y reduciendo el l\u00edmite de sus recursos tambi\u00e9n pueden dejar de recibir servicios de calidad o educaci\u00f3n, de acuerdo con el Instituto Nacional de Estad\u00edstica y Geograf\u00eda (INEGI), los menores se casan para superar sus expectativas econ\u00f3micas, auspiciadas por sus progenitores o a trav\u00e9s de tratos.<\/p>\n<p data-reader-unique-id=\"21\">CON INFORMACI\u00d3N DE EL HERALDO DE M\u00c9XICO<\/p>\n","protected":false},"excerpt":{"rendered":"<p>Un nuevo caso de matrimonio infantil ha impactado a la comunidad de Guerrero luego de que se diera a conocer la boda entre dos menores de 12 a\u00f1os de edad, identificados como Natalia y Miguel quienes presuntamente contrajeron matrimonio bajo el consentimiento de sus padres. El caso que ha generado una ola de indignaci\u00f3n ocurri\u00f3 [&hellip;]<\/p>\n","protected":false},"author":4,"featured_media":19524,"comment_status":"closed","ping_status":"closed","sticky":false,"template":"","format":"standard","meta":{"footnotes":""},"categories":[12],"tags":[],"class_list":["post-19522","post","type-post","status-publish","format-standard","has-post-thumbnail","hentry","category-mexico"],"_links":{"self":[{"href":"https:\/\/conexiontotal.press\/index.php\/wp-json\/wp\/v2\/posts\/19522","targetHints":{"allow":["GET"]}}],"collection":[{"href":"https:\/\/conexiontotal.press\/index.php\/wp-json\/wp\/v2\/posts"}],"about":[{"href":"https:\/\/conexiontotal.press\/index.php\/wp-json\/wp\/v2\/types\/post"}],"author":[{"embeddable":true,"href":"https:\/\/conexiontotal.press\/index.php\/wp-json\/wp\/v2\/users\/4"}],"replies":[{"embeddable":true,"href":"https:\/\/conexiontotal.press\/index.php\/wp-json\/wp\/v2\/comments?post=19522"}],"version-history":[{"count":2,"href":"https:\/\/conexiontotal.press\/index.php\/wp-json\/wp\/v2\/posts\/19522\/revisions"}],"predecessor-version":[{"id":19525,"href":"https:\/\/conexiontotal.press\/index.php\/wp-json\/wp\/v2\/posts\/19522\/revisions\/19525"}],"wp:featuredmedia":[{"embeddable":true,"href":"https:\/\/conexiontotal.press\/index.php\/wp-json\/wp\/v2\/media\/19524"}],"wp:attachment":[{"href":"https:\/\/conexiontotal.press\/index.php\/wp-json\/wp\/v2\/media?parent=19522"}],"wp:term":[{"taxonomy":"category","embeddable":true,"href":"https:\/\/conexiontotal.press\/index.php\/wp-json\/wp\/v2\/categories?post=19522"},{"taxonomy":"post_tag","embeddable":true,"href":"https:\/\/conexiontotal.press\/index.php\/wp-json\/wp\/v2\/tags?post=19522"}],"curies":[{"name":"wp","href":"https:\/\/api.w.org\/{rel}","templated":true}]}}