{"id":19526,"date":"2025-05-08T14:38:32","date_gmt":"2025-05-08T20:38:32","guid":{"rendered":"https:\/\/conexiontotal.press\/?p=19526"},"modified":"2025-05-08T14:38:32","modified_gmt":"2025-05-08T20:38:32","slug":"sheinbaum-celebra-eleccion-del-papa-leon-xiv","status":"publish","type":"post","link":"https:\/\/conexiontotal.press\/index.php\/2025\/05\/08\/sheinbaum-celebra-eleccion-del-papa-leon-xiv\/","title":{"rendered":"Sheinbaum celebra elecci\u00f3n del papa Le\u00f3n XIV"},"content":{"rendered":"<p>CIUDAD DE M\u00c9XICO.- Luego de darse a conocer la elecci\u00f3n del nuevo Santo Padre tras el fallecimiento del papa Francisco, numerosas han sido las voces que se han unido para celebrar este nombramiento que recay\u00f3 en la figura del cardenal Robert Prevost.<\/p>\n<p>Entre las personalidades que enviaron una felicitaci\u00f3n ante tal acontecimiento estuvo la presidenta de M\u00e9xico, Claudia Sheinbaum Pardo, quien por medio de la red social X (antes Twitter) celebr\u00f3 a su santidad Le\u00f3n XIV.<\/p>\n<p>Felicitamos a su santidad Le\u00f3n XIV, electo por el Colegio Cardenalicio como jefe del Estado de la Ciudad del Vaticano y l\u00edder espiritual de la Iglesia cat\u00f3lica\u201d, escribi\u00f3.<\/p>\n<p>En la misma publicaci\u00f3n, la primera mandataria del pa\u00eds hizo \u00e9nfasis en seguir uniendo fuerzas en favor de la paz y de la prosperidad de todo el mundo, sobre todo de los m\u00e1s necesitados.<\/p>\n<p>Ratifico nuestra convergencia humanista a favor de la paz y la prosperidad del mundo\u201d, extern\u00f3 la jefa de Estado.<\/p>\n<blockquote class=\"twitter-tweet\">\n<p dir=\"ltr\" lang=\"es\">Felicitamos a su santidad Le\u00f3n XIV, electo por el Colegio Cardenalicio como jefe del Estado de la Ciudad del Vaticano y l\u00edder espiritual de la Iglesia cat\u00f3lica. Ratifico nuestra convergencia humanista a favor de la paz y la prosperidad del mundo.<\/p>\n<p>\u2014 Claudia Sheinbaum Pardo (@Claudiashein) <a href=\"https:\/\/twitter.com\/Claudiashein\/status\/1920543153385263548?ref_src=twsrc%5Etfw\">May 8, 2025<\/a><\/p><\/blockquote>\n<p><script async src=\"https:\/\/platform.twitter.com\/widgets.js\" charset=\"utf-8\"><\/script><\/p>\n<p>\u00bfC\u00f3mo se eligi\u00f3 al nuevo Papa?<\/p>\n<p>Este jueves 8 de mayo de 2025, los 133 cardenales votaron y eligieron al que ya es el sucesor del papa Francisco, resultando ganador el cardenal estadunidense y con nacional peruana, Robert Prevost, quien llevar\u00e1 el nombre de Le\u00f3n XIV.<\/p>\n<p>De la chimenea instalada en la Capilla Sixtina sali\u00f3 humo blanco minutos despu\u00e9s de las 10:00 horas, tiempo del centro de M\u00e9xico, para anunciar que la Iglesia ten\u00eda a un nuevo l\u00edder, quien continuar\u00e1 con la misi\u00f3n religiosa en todo el mundo.<\/p>\n<p>Con informaci\u00f3n de EXC\u00c9LSIOR<span class=\"Apple-converted-space\">\u00a0<\/span><\/p>\n","protected":false},"excerpt":{"rendered":"<p>CIUDAD DE M\u00c9XICO.- Luego de darse a conocer la elecci\u00f3n del nuevo Santo Padre tras el fallecimiento del papa Francisco, numerosas han sido las voces que se han unido para celebrar este nombramiento que recay\u00f3 en la figura del cardenal Robert Prevost. Entre las personalidades que enviaron una felicitaci\u00f3n ante tal acontecimiento estuvo la presidenta [&hellip;]<\/p>\n","protected":false},"author":4,"featured_media":19527,"comment_status":"closed","ping_status":"closed","sticky":false,"template":"","format":"standard","meta":{"footnotes":""},"categories":[12],"tags":[],"class_list":["post-19526","post","type-post","status-publish","format-standard","has-post-thumbnail","hentry","category-mexico"],"_links":{"self":[{"href":"https:\/\/conexiontotal.press\/index.php\/wp-json\/wp\/v2\/posts\/19526","targetHints":{"allow":["GET"]}}],"collection":[{"href":"https:\/\/conexiontotal.press\/index.php\/wp-json\/wp\/v2\/posts"}],"about":[{"href":"https:\/\/conexiontotal.press\/index.php\/wp-json\/wp\/v2\/types\/post"}],"author":[{"embeddable":true,"href":"https:\/\/conexiontotal.press\/index.php\/wp-json\/wp\/v2\/users\/4"}],"replies":[{"embeddable":true,"href":"https:\/\/conexiontotal.press\/index.php\/wp-json\/wp\/v2\/comments?post=19526"}],"version-history":[{"count":1,"href":"https:\/\/conexiontotal.press\/index.php\/wp-json\/wp\/v2\/posts\/19526\/revisions"}],"predecessor-version":[{"id":19528,"href":"https:\/\/conexiontotal.press\/index.php\/wp-json\/wp\/v2\/posts\/19526\/revisions\/19528"}],"wp:featuredmedia":[{"embeddable":true,"href":"https:\/\/conexiontotal.press\/index.php\/wp-json\/wp\/v2\/media\/19527"}],"wp:attachment":[{"href":"https:\/\/conexiontotal.press\/index.php\/wp-json\/wp\/v2\/media?parent=19526"}],"wp:term":[{"taxonomy":"category","embeddable":true,"href":"https:\/\/conexiontotal.press\/index.php\/wp-json\/wp\/v2\/categories?post=19526"},{"taxonomy":"post_tag","embeddable":true,"href":"https:\/\/conexiontotal.press\/index.php\/wp-json\/wp\/v2\/tags?post=19526"}],"curies":[{"name":"wp","href":"https:\/\/api.w.org\/{rel}","templated":true}]}}