{"id":19585,"date":"2025-05-12T10:56:25","date_gmt":"2025-05-12T16:56:25","guid":{"rendered":"https:\/\/conexiontotal.press\/?p=19585"},"modified":"2025-05-12T10:56:25","modified_gmt":"2025-05-12T16:56:25","slug":"tragedia-en-miramar-mueren-dos-jovenes","status":"publish","type":"post","link":"https:\/\/conexiontotal.press\/index.php\/2025\/05\/12\/tragedia-en-miramar-mueren-dos-jovenes\/","title":{"rendered":"Tragedia en Miramar: mueren dos j\u00f3venes"},"content":{"rendered":"<p data-reader-unique-id=\"1\">CIUDAD MADERO, TAMAULIPAS.- Fin de semana tr\u00e1gico se vivi\u00f3 en el m\u00e1ximo paseo tur\u00edstico este domingo, dos j\u00f3venes capitalinos murieron ahogados.<\/p>\n<p data-reader-unique-id=\"2\">El primer fallecido era originario de la ciudad de M\u00e9xico y hab\u00eda arribado al centro vacacional con su familia.<\/p>\n<p data-reader-unique-id=\"10\">Los hechos se registraron a la altura de la torre 15 instalada en la orilla.<\/p>\n<p data-reader-unique-id=\"15\">Momentos antes, el muchacho de 21 a\u00f1os hab\u00eda ingresado al agua<span data-reader-unique-id=\"16\">\u00a0 <\/span>acompa\u00f1ado de un familiar de 25 a\u00f1os.<\/p>\n<p data-reader-unique-id=\"20\">Al adentrarse al mar, lleg\u00f3 un momento en que el oleaje comenz\u00f3 a arrastrarlos.<\/p>\n<p data-reader-unique-id=\"21\">Tras pedir auxilio, ambos se hundieron.<\/p>\n<p data-reader-unique-id=\"22\">Salvavidas municipales entraron al agua para rescatarlos.<\/p>\n<p data-reader-unique-id=\"23\">Los dos fueron llevados a la orilla donde ya los esperaban param\u00e9dicos de Cruz Roja zona sur.<\/p>\n<p data-reader-unique-id=\"28\">Lograron reanimar a uno de ellos pero al joven de 21 a\u00f1os no, debido a que hab\u00eda tragado una gran cantidad de agua.<\/p>\n<p data-reader-unique-id=\"29\">Constataron que ya no contaba con signos vitales por lo que notificaron el deceso al Ministerio P\u00fablico.<\/p>\n<p data-reader-unique-id=\"30\">El cuerpo sin vida qued\u00f3 tendido en la orilla de la playa.<\/p>\n<p data-reader-unique-id=\"31\">Escenas de dolor se registraron en ese sitio ya que sus familiares no pod\u00edan creer lo sucedido.<\/p>\n<p data-reader-unique-id=\"36\">Elementos de la Guardia Estatal arribaron para resguardar el \u00e1rea.<\/p>\n<h3 data-reader-unique-id=\"37\">EMPLEADO DE SEGURIDAD ES ARRASTRADO POR EL MAR<\/h3>\n<p data-reader-unique-id=\"38\">En un arranque de ira un empleado de seguridad privada que andaba en estado et\u00edlico y pele\u00f3 con su novia en Playa Miramar, se meti\u00f3 al agua a la altura de la escollera por el punto conocido como el elevador, pereciendo lamentablemente ahogado.<\/p>\n<p data-reader-unique-id=\"39\">El incidente ocurri\u00f3 durante la tarde-noche, informando las autoridades que la v\u00edctima se llamaba Eduardo N y era originario de la Ciudad de M\u00e9xico, vest\u00eda playera gris sin manga y short negro.<\/p>\n<p data-reader-unique-id=\"40\">De acuerdo a informaci\u00f3n extra \u2013 oficial dada a conocer, el turista discuti\u00f3 con su novia y en estado et\u00edlico se meti\u00f3 al agua pegado a las piedras, perdi\u00e9ndose su humanidad en el punto conocido como el elevador, lugar por donde los surfistas agarran olas y se sabe hay una poza que hace remolino por debajo del agua.<\/p>\n<p data-reader-unique-id=\"41\">Se inform\u00f3 que en el lugar fue rescatada otra persona que acompa\u00f1aba a Eduardo N, cuyo cuerpo anduvo perdido algunos minutos hasta que finalmente fue encontrado y llevado a la orilla, donde se trat\u00f3 de aplicarle reanimaci\u00f3n pero por desgracia ya no ten\u00eda signos vitales.<\/p>\n<p data-reader-unique-id=\"46\">En ambos casos, al lugar se pidi\u00f3 la presencia de elementos de la Polic\u00eda Investigadora, a fin de que tomaran conocimiento de los hechos y dieran fe de los cad\u00e1veres, que ser\u00edan canalizado al Servicio M\u00e9dico Forense para la pr\u00e1ctica de la necropsia de rigor.<\/p>\n<p data-reader-unique-id=\"46\"><img loading=\"lazy\" decoding=\"async\" class=\"alignnone size-medium wp-image-19587\" src=\"https:\/\/conexiontotal.press\/wp-content\/uploads\/2025\/05\/Hombre-ahogado-300x158.jpg\" alt=\"\" width=\"300\" height=\"158\" srcset=\"https:\/\/conexiontotal.press\/wp-content\/uploads\/2025\/05\/Hombre-ahogado-300x158.jpg 300w, https:\/\/conexiontotal.press\/wp-content\/uploads\/2025\/05\/Hombre-ahogado-768x403.jpg 768w, https:\/\/conexiontotal.press\/wp-content\/uploads\/2025\/05\/Hombre-ahogado.jpg 800w\" sizes=\"auto, (max-width: 300px) 100vw, 300px\" \/><\/p>\n<p data-reader-unique-id=\"47\">Por. Benigno Sol\u00eds\/Otilio N\u00fa\u00f1ez<\/p>\n<p data-reader-unique-id=\"48\">Expreso- La Raz\u00f3n<\/p>\n","protected":false},"excerpt":{"rendered":"<p>CIUDAD MADERO, TAMAULIPAS.- Fin de semana tr\u00e1gico se vivi\u00f3 en el m\u00e1ximo paseo tur\u00edstico este domingo, dos j\u00f3venes capitalinos murieron ahogados. El primer fallecido era originario de la ciudad de M\u00e9xico y hab\u00eda arribado al centro vacacional con su familia. Los hechos se registraron a la altura de la torre 15 instalada en la orilla. [&hellip;]<\/p>\n","protected":false},"author":4,"featured_media":19586,"comment_status":"closed","ping_status":"closed","sticky":false,"template":"","format":"standard","meta":{"footnotes":""},"categories":[4],"tags":[],"class_list":["post-19585","post","type-post","status-publish","format-standard","has-post-thumbnail","hentry","category-tampico"],"_links":{"self":[{"href":"https:\/\/conexiontotal.press\/index.php\/wp-json\/wp\/v2\/posts\/19585","targetHints":{"allow":["GET"]}}],"collection":[{"href":"https:\/\/conexiontotal.press\/index.php\/wp-json\/wp\/v2\/posts"}],"about":[{"href":"https:\/\/conexiontotal.press\/index.php\/wp-json\/wp\/v2\/types\/post"}],"author":[{"embeddable":true,"href":"https:\/\/conexiontotal.press\/index.php\/wp-json\/wp\/v2\/users\/4"}],"replies":[{"embeddable":true,"href":"https:\/\/conexiontotal.press\/index.php\/wp-json\/wp\/v2\/comments?post=19585"}],"version-history":[{"count":1,"href":"https:\/\/conexiontotal.press\/index.php\/wp-json\/wp\/v2\/posts\/19585\/revisions"}],"predecessor-version":[{"id":19588,"href":"https:\/\/conexiontotal.press\/index.php\/wp-json\/wp\/v2\/posts\/19585\/revisions\/19588"}],"wp:featuredmedia":[{"embeddable":true,"href":"https:\/\/conexiontotal.press\/index.php\/wp-json\/wp\/v2\/media\/19586"}],"wp:attachment":[{"href":"https:\/\/conexiontotal.press\/index.php\/wp-json\/wp\/v2\/media?parent=19585"}],"wp:term":[{"taxonomy":"category","embeddable":true,"href":"https:\/\/conexiontotal.press\/index.php\/wp-json\/wp\/v2\/categories?post=19585"},{"taxonomy":"post_tag","embeddable":true,"href":"https:\/\/conexiontotal.press\/index.php\/wp-json\/wp\/v2\/tags?post=19585"}],"curies":[{"name":"wp","href":"https:\/\/api.w.org\/{rel}","templated":true}]}}