{"id":19740,"date":"2025-06-03T09:15:40","date_gmt":"2025-06-03T15:15:40","guid":{"rendered":"https:\/\/conexiontotal.press\/?p=19740"},"modified":"2025-06-03T09:15:40","modified_gmt":"2025-06-03T15:15:40","slug":"buscan-a-victorense-en-el-rio-purificacion","status":"publish","type":"post","link":"https:\/\/conexiontotal.press\/index.php\/2025\/06\/03\/buscan-a-victorense-en-el-rio-purificacion\/","title":{"rendered":"Buscan a victorense en el r\u00edo Purificaci\u00f3n"},"content":{"rendered":"<p data-reader-unique-id=\"1\">CIUDAD VICTORIA, TAMAULIPAS.- Elementos de Protecci\u00f3n Civil del estado y de Padilla trabajan de manera conjunta en la b\u00fasqueda de una persona originaria de Ciudad Victoria que fue reportada como desaparecida cuando sali\u00f3 a caminar a la orilla del R\u00edo Purificaci\u00f3n.<\/p>\n<p data-reader-unique-id=\"2\">Autoridades informaron que la persona responde al nombre de Eder Alfonso \u00abB\u00bb y cuenta con 31 a\u00f1os de edad.\u00a0<br data-reader-unique-id=\"3\" \/>Las investigaciones establecieron que el joven desapareci\u00f3 en una zona conocida como Campo El Sargento del municipio. Padilla.<\/p>\n<p data-reader-unique-id=\"7\">Aparentemente fue entre las 23:00 y las 00:00 horas del s\u00e1bado cuando este joven andaba a la orilla del r\u00edo.<\/p>\n<p data-reader-unique-id=\"8\">En la zona fueron encontrados \u00fanicamente un par de tenis que al parecer le pertenecen y por lo que se presume que ingres\u00f3 al agua.<\/p>\n<p data-reader-unique-id=\"12\">El personal de PC llev\u00f3 a cabo una intensa b\u00fasqueda todo el domingo a lo largo del Purificaci\u00f3n, pero sin tener \u00e9xito y fue hasta entrada la noche que tuvieron que suspender los trabajos para reiniciarlos por la ma\u00f1ana.<\/p>\n<p data-reader-unique-id=\"13\">Por Artemio Lugo<br data-reader-unique-id=\"14\" \/>Expreso-La Raz\u00f3n<\/p>\n","protected":false},"excerpt":{"rendered":"<p>CIUDAD VICTORIA, TAMAULIPAS.- Elementos de Protecci\u00f3n Civil del estado y de Padilla trabajan de manera conjunta en la b\u00fasqueda de una persona originaria de Ciudad Victoria que fue reportada como desaparecida cuando sali\u00f3 a caminar a la orilla del R\u00edo Purificaci\u00f3n. Autoridades informaron que la persona responde al nombre de Eder Alfonso \u00abB\u00bb y cuenta [&hellip;]<\/p>\n","protected":false},"author":4,"featured_media":19741,"comment_status":"closed","ping_status":"closed","sticky":false,"template":"","format":"standard","meta":{"footnotes":""},"categories":[3],"tags":[],"class_list":["post-19740","post","type-post","status-publish","format-standard","has-post-thumbnail","hentry","category-victoria"],"_links":{"self":[{"href":"https:\/\/conexiontotal.press\/index.php\/wp-json\/wp\/v2\/posts\/19740","targetHints":{"allow":["GET"]}}],"collection":[{"href":"https:\/\/conexiontotal.press\/index.php\/wp-json\/wp\/v2\/posts"}],"about":[{"href":"https:\/\/conexiontotal.press\/index.php\/wp-json\/wp\/v2\/types\/post"}],"author":[{"embeddable":true,"href":"https:\/\/conexiontotal.press\/index.php\/wp-json\/wp\/v2\/users\/4"}],"replies":[{"embeddable":true,"href":"https:\/\/conexiontotal.press\/index.php\/wp-json\/wp\/v2\/comments?post=19740"}],"version-history":[{"count":1,"href":"https:\/\/conexiontotal.press\/index.php\/wp-json\/wp\/v2\/posts\/19740\/revisions"}],"predecessor-version":[{"id":19742,"href":"https:\/\/conexiontotal.press\/index.php\/wp-json\/wp\/v2\/posts\/19740\/revisions\/19742"}],"wp:featuredmedia":[{"embeddable":true,"href":"https:\/\/conexiontotal.press\/index.php\/wp-json\/wp\/v2\/media\/19741"}],"wp:attachment":[{"href":"https:\/\/conexiontotal.press\/index.php\/wp-json\/wp\/v2\/media?parent=19740"}],"wp:term":[{"taxonomy":"category","embeddable":true,"href":"https:\/\/conexiontotal.press\/index.php\/wp-json\/wp\/v2\/categories?post=19740"},{"taxonomy":"post_tag","embeddable":true,"href":"https:\/\/conexiontotal.press\/index.php\/wp-json\/wp\/v2\/tags?post=19740"}],"curies":[{"name":"wp","href":"https:\/\/api.w.org\/{rel}","templated":true}]}}