{"id":19749,"date":"2025-06-04T19:40:23","date_gmt":"2025-06-05T01:40:23","guid":{"rendered":"https:\/\/conexiontotal.press\/?p=19749"},"modified":"2025-06-04T19:40:23","modified_gmt":"2025-06-05T01:40:23","slug":"la-relojeria-y-joyeria-yepez-anuncia-su-cierre","status":"publish","type":"post","link":"https:\/\/conexiontotal.press\/index.php\/2025\/06\/04\/la-relojeria-y-joyeria-yepez-anuncia-su-cierre\/","title":{"rendered":"La Relojer\u00eda y Joyer\u00eda Yepez anuncia su cierre"},"content":{"rendered":"<p data-reader-unique-id=\"1\">CIUDAD VICTORIA, TAM.- Con profundo pesar, la familia del ingeniero Jes\u00fas \u201cChuy\u201d Y\u00e9pez Gonz\u00e1lez anunci\u00f3 el cierre indefinido del Taller de Reparaci\u00f3n de Joyer\u00eda Y\u00e9pez Joyeros, tras su fallecimiento ocurrido el pasado 18 de mayo de 2025.<\/p>\n<p data-reader-unique-id=\"2\">Durante m\u00e1s de 12 a\u00f1os, este taller no solo fue un espacio de trabajo, sino un lugar donde se tejieron lazos de confianza y amistad con sus clientes, quienes confiaron sus historias y recuerdos a las manos expertas de su fundador.<\/p>\n<p data-reader-unique-id=\"6\">Abril, esposa del ingeniero Y\u00e9pez, y Carolina, su hija, expresaron su gratitud a todos quienes les acompa\u00f1aron a lo largo de estos a\u00f1os, recordando el cari\u00f1o y la lealtad que recibieron de la comunidad.<\/p>\n<p data-reader-unique-id=\"7\">\u201cSu cari\u00f1o y lealtad fueron un regalo invaluable para Chuy y para m\u00ed\u201d, destacaron en un emotivo mensaje.<br data-reader-unique-id=\"8\" \/>El ingeniero Y\u00e9pez fue recordado como un hombre sabio, reservado, trabajador y profundamente espiritual. Tras la dolorosa p\u00e9rdida de su primog\u00e9nito, el taller se llen\u00f3 de nostalgia para \u00e9l, aunque nunca dej\u00f3 de amar el arte de la joyer\u00eda ni de disfrutar el proceso de crear piezas \u00fanicas para cada cliente.<\/p>\n<p data-reader-unique-id=\"12\">Sus familiares lo describieron como un esposo amoroso, padre orgulloso de sus dos hijos, abuelo consentidor y un hombre de fe y compromiso con su familia. Su vida fue un ejemplo de integridad y de amor hacia quienes lo rodearon.<\/p>\n<p data-reader-unique-id=\"13\">Con su partida, el Taller Y\u00e9pez Joyeros cierra un ciclo marcado por la dedicaci\u00f3n, la pasi\u00f3n por el oficio y el agradecimiento a todos quienes formaron parte de esta historia.<\/p>\n<p data-reader-unique-id=\"14\">POR RA\u00daL L\u00d3PEZ<br data-reader-unique-id=\"15\" \/>EXPRESO<\/p>\n","protected":false},"excerpt":{"rendered":"<p>CIUDAD VICTORIA, TAM.- Con profundo pesar, la familia del ingeniero Jes\u00fas \u201cChuy\u201d Y\u00e9pez Gonz\u00e1lez anunci\u00f3 el cierre indefinido del Taller de Reparaci\u00f3n de Joyer\u00eda Y\u00e9pez Joyeros, tras su fallecimiento ocurrido el pasado 18 de mayo de 2025. Durante m\u00e1s de 12 a\u00f1os, este taller no solo fue un espacio de trabajo, sino un lugar donde [&hellip;]<\/p>\n","protected":false},"author":4,"featured_media":19750,"comment_status":"closed","ping_status":"closed","sticky":false,"template":"","format":"standard","meta":{"footnotes":""},"categories":[3],"tags":[],"class_list":["post-19749","post","type-post","status-publish","format-standard","has-post-thumbnail","hentry","category-victoria"],"_links":{"self":[{"href":"https:\/\/conexiontotal.press\/index.php\/wp-json\/wp\/v2\/posts\/19749","targetHints":{"allow":["GET"]}}],"collection":[{"href":"https:\/\/conexiontotal.press\/index.php\/wp-json\/wp\/v2\/posts"}],"about":[{"href":"https:\/\/conexiontotal.press\/index.php\/wp-json\/wp\/v2\/types\/post"}],"author":[{"embeddable":true,"href":"https:\/\/conexiontotal.press\/index.php\/wp-json\/wp\/v2\/users\/4"}],"replies":[{"embeddable":true,"href":"https:\/\/conexiontotal.press\/index.php\/wp-json\/wp\/v2\/comments?post=19749"}],"version-history":[{"count":1,"href":"https:\/\/conexiontotal.press\/index.php\/wp-json\/wp\/v2\/posts\/19749\/revisions"}],"predecessor-version":[{"id":19751,"href":"https:\/\/conexiontotal.press\/index.php\/wp-json\/wp\/v2\/posts\/19749\/revisions\/19751"}],"wp:featuredmedia":[{"embeddable":true,"href":"https:\/\/conexiontotal.press\/index.php\/wp-json\/wp\/v2\/media\/19750"}],"wp:attachment":[{"href":"https:\/\/conexiontotal.press\/index.php\/wp-json\/wp\/v2\/media?parent=19749"}],"wp:term":[{"taxonomy":"category","embeddable":true,"href":"https:\/\/conexiontotal.press\/index.php\/wp-json\/wp\/v2\/categories?post=19749"},{"taxonomy":"post_tag","embeddable":true,"href":"https:\/\/conexiontotal.press\/index.php\/wp-json\/wp\/v2\/tags?post=19749"}],"curies":[{"name":"wp","href":"https:\/\/api.w.org\/{rel}","templated":true}]}}