{"id":19752,"date":"2025-06-05T16:08:34","date_gmt":"2025-06-05T22:08:34","guid":{"rendered":"https:\/\/conexiontotal.press\/?p=19752"},"modified":"2025-06-05T16:08:34","modified_gmt":"2025-06-05T22:08:34","slug":"maquiladora-reactiva-contrataciones-tras-despidos-anuncian-250-nuevas-plazas","status":"publish","type":"post","link":"https:\/\/conexiontotal.press\/index.php\/2025\/06\/05\/maquiladora-reactiva-contrataciones-tras-despidos-anuncian-250-nuevas-plazas\/","title":{"rendered":"Maquiladora reactiva contrataciones tras despidos: Anuncian 250 nuevas plazas"},"content":{"rendered":"<p data-reader-unique-id=\"4\">Actualmente, en las dos plantas que opera la maquiladora se emplean alrededor de 3,400 trabajadores, mientras que en la planta APIS Adelita, la principal responsable del proyecto para General Motors, se concentra una plantilla de 1,300 empleados.<\/p>\n<div data-id=\"5f3828a0\" data-element_type=\"widget\" data-widget_type=\"theme-post-content.default\" data-reader-unique-id=\"17\">\n<p data-reader-unique-id=\"18\">La secretaria general de la Confederaci\u00f3n de Trabajadores de M\u00e9xico (CTM), Mercedes L\u00f3pez Lozano, inform\u00f3 que la maquiladora APIS, dedicada a la fabricaci\u00f3n de autopartes para General Motors, ha reactivado sus contrataciones tras haber enfrentado un despido masivo de 103 empleados en mayo pasado.<\/p>\n<p data-reader-unique-id=\"19\">\u201cLamentablemente en mayo tuvimos que liquidar a 103 personas de la empresa maquiladora APIS\u201d, declar\u00f3 L\u00f3pez Lozano. Sin embargo, durante las \u00faltimas semanas de mayo y principios de junio se logr\u00f3 reactivar la contrataci\u00f3n. \u201cYa llevamos 230 trabajadores que acaban de ingresar y estamos reclutando gente para la pr\u00f3xima semana, con la intenci\u00f3n de sumar otras 20 o 25 personas m\u00e1s\u201d, detall\u00f3.<\/p>\n<p data-reader-unique-id=\"23\">Actualmente, en las dos plantas que opera la maquiladora se emplean alrededor de 3,400 trabajadores, mientras que en la planta APIS Adelita, la principal responsable del proyecto para General Motors, se concentra una plantilla de 1,300 empleados. \u201cAh\u00ed es donde tenemos el negocio de GEMI, fabricando una red para una camioneta de la General Motors\u201d, explic\u00f3.<\/p>\n<p data-reader-unique-id=\"24\">La secretaria general destac\u00f3 que la ampliaci\u00f3n de la plantilla responde a un nuevo proyecto productivo de la maquiladora. \u201cEstamos fabricando una red para una camioneta de la General Motors, por eso la necesidad de ampliar la plantilla de personal\u201d, coment\u00f3.<\/p>\n<p data-reader-unique-id=\"27\">En cuanto a los requisitos para quienes deseen integrarse a la maquiladora, L\u00f3pez Lozano se\u00f1al\u00f3 que no son complicados. \u201cM\u00e1s que nada, lo que pedimos es la intenci\u00f3n de trabajar\u201d, subray\u00f3. Los interesados deben presentar un certificado de estudios, ya sea de primaria, secundaria o preparatoria, comprobante de domicilio y acta de nacimiento. \u201cPero as\u00ed que t\u00fa digas que es algo complicado, no\u201d, enfatiz\u00f3.<\/p>\n<p data-reader-unique-id=\"28\">Por Ra\u00fal L\u00f3pez Garc\u00eda<\/p>\n<\/div>\n","protected":false},"excerpt":{"rendered":"<p>Actualmente, en las dos plantas que opera la maquiladora se emplean alrededor de 3,400 trabajadores, mientras que en la planta APIS Adelita, la principal responsable del proyecto para General Motors, se concentra una plantilla de 1,300 empleados. La secretaria general de la Confederaci\u00f3n de Trabajadores de M\u00e9xico (CTM), Mercedes L\u00f3pez Lozano, inform\u00f3 que la maquiladora [&hellip;]<\/p>\n","protected":false},"author":4,"featured_media":19753,"comment_status":"closed","ping_status":"closed","sticky":false,"template":"","format":"standard","meta":{"footnotes":""},"categories":[3],"tags":[],"class_list":["post-19752","post","type-post","status-publish","format-standard","has-post-thumbnail","hentry","category-victoria"],"_links":{"self":[{"href":"https:\/\/conexiontotal.press\/index.php\/wp-json\/wp\/v2\/posts\/19752","targetHints":{"allow":["GET"]}}],"collection":[{"href":"https:\/\/conexiontotal.press\/index.php\/wp-json\/wp\/v2\/posts"}],"about":[{"href":"https:\/\/conexiontotal.press\/index.php\/wp-json\/wp\/v2\/types\/post"}],"author":[{"embeddable":true,"href":"https:\/\/conexiontotal.press\/index.php\/wp-json\/wp\/v2\/users\/4"}],"replies":[{"embeddable":true,"href":"https:\/\/conexiontotal.press\/index.php\/wp-json\/wp\/v2\/comments?post=19752"}],"version-history":[{"count":1,"href":"https:\/\/conexiontotal.press\/index.php\/wp-json\/wp\/v2\/posts\/19752\/revisions"}],"predecessor-version":[{"id":19754,"href":"https:\/\/conexiontotal.press\/index.php\/wp-json\/wp\/v2\/posts\/19752\/revisions\/19754"}],"wp:featuredmedia":[{"embeddable":true,"href":"https:\/\/conexiontotal.press\/index.php\/wp-json\/wp\/v2\/media\/19753"}],"wp:attachment":[{"href":"https:\/\/conexiontotal.press\/index.php\/wp-json\/wp\/v2\/media?parent=19752"}],"wp:term":[{"taxonomy":"category","embeddable":true,"href":"https:\/\/conexiontotal.press\/index.php\/wp-json\/wp\/v2\/categories?post=19752"},{"taxonomy":"post_tag","embeddable":true,"href":"https:\/\/conexiontotal.press\/index.php\/wp-json\/wp\/v2\/tags?post=19752"}],"curies":[{"name":"wp","href":"https:\/\/api.w.org\/{rel}","templated":true}]}}