{"id":19840,"date":"2025-06-13T16:15:56","date_gmt":"2025-06-13T22:15:56","guid":{"rendered":"https:\/\/conexiontotal.press\/?p=19840"},"modified":"2025-06-19T16:16:00","modified_gmt":"2025-06-19T22:16:00","slug":"premian-proyectos-de-la-uat-en-la-feria-de-ciencias-e-ingenierias-tamaulipas-2025","status":"publish","type":"post","link":"https:\/\/conexiontotal.press\/index.php\/2025\/06\/13\/premian-proyectos-de-la-uat-en-la-feria-de-ciencias-e-ingenierias-tamaulipas-2025\/","title":{"rendered":"Premian proyectos de la UAT en la Feria de Ciencias e Ingenier\u00edas Tamaulipas 2025\u00a0"},"content":{"rendered":"<p>La Universidad Aut\u00f3noma de Tamaulipas (UAT) obtuvo destacadas distinciones en diversas categor\u00edas y \u00e1reas de conocimiento durante la ceremonia de premiaci\u00f3n de la Feria de Ciencias e Ingenier\u00edas Tamaulipas 2025 (FECIT), cuyo evento fue convocado por el Gobierno del Estado a trav\u00e9s de la Secretar\u00eda de Educaci\u00f3n y el Consejo Tamaulipeco de Ciencia y Tecnolog\u00eda (COTACYT).<\/p>\n<p>En el nivel de Educaci\u00f3n Media Superior, la Escuela Preparatoria Mante de la UAT fue galardonada con el primer lugar en el \u00e1rea de ingenier\u00edas, por el proyecto &#8220;S\u00edntesis de nanopart\u00edculas de carbono activado de alta superficie para el secuestro de especies reactivas de ox\u00edgeno, modelo de la inducci\u00f3n de apoptosis en c\u00e9lulas cancer\u00edgenas&#8221;, desarrollado por el estudiante Luis Fernando Agui\u00f1aga Rodr\u00edguez, bajo la asesor\u00eda del Mtro. Enrique Rocha Rangel; este proyecto tambi\u00e9n fue acreditado para representar a Tamaulipas en la Feria Mexicana de Ciencias e Ingenier\u00edas (FEMECI) 2026.<\/p>\n<p>En el \u00e1rea de Ciencias Ambientales, la misma instituci\u00f3n obtuvo el segundo lugar con el proyecto &#8220;Neuma-construcci\u00f3n: Aprovechamiento de llantas usadas para la elaboraci\u00f3n de ladrillos sustentables&#8221;, a cargo del alumno Jorge Alberto Contreras Garza, con la gu\u00eda del asesor Rub\u00e9n P\u00e9rez Rodr\u00edguez.<\/p>\n<p>Asimismo, en el \u00e1rea de Agroindustria y Alimentos, la Prepa Mante UAT logr\u00f3 el tercer lugar con la propuesta &#8220;Formulaci\u00f3n de un suplemento alimenticio a base de Petroselinum crispum para la prevenci\u00f3n y control de anemia ferrop\u00e9nica&#8221;, realizada por Jos\u00e9 Alejandro Guevara Salazar y \u00c1ngel Gabriel Brice\u00f1o G\u00f3mez, bajo la asesor\u00eda de la Mtra. Mar\u00eda Isabel Medina Coronado.<\/p>\n<p>En la categor\u00eda de Educaci\u00f3n Superior, la Unidad Acad\u00e9mica Multidisciplinaria Mante de la UAT obtuvo el primer lugar en el \u00e1rea de Ingenier\u00edas, con el proyecto &#8220;Escalamiento de la producci\u00f3n de polihidroxialcanoatos por Burkholderia thailandensis en un biorreactor de tanque agitado&#8221;, presentado por Juli\u00e1n Hern\u00e1ndez C\u00e1rdenas y Estrella Guadalupe Rivera Gallegos, con el acompa\u00f1amiento del Dr. Luis V\u00edctor Rodr\u00edguez Dur\u00e1n.<\/p>\n<p>Por su parte, la Facultad de Ingenier\u00eda y Ciencias fue reconocida con el tercer lugar en el \u00e1rea de Agroindustria y Alimentos por el proyecto &#8220;Respuesta agron\u00f3mica y fisiol\u00f3gica de poblaciones nativas de frijol (Phaseolus vulgaris L.) a la fertilizaci\u00f3n foliar&#8221;, elaborado por Fernanda N\u00fa\u00f1ez de C\u00e1ceres Barrientos y Mar\u00eda Elizabeth Gir\u00f3n Gonz\u00e1lez, bajo la tutor\u00eda de la Dra. Yolanda del Roc\u00edo Moreno Ram\u00edrez.<\/p>\n<p>La Feria de Ciencias e Ingenier\u00edas Tamaulipas 2025 reuni\u00f3 159 proyectos de estudiantes de nivel medio superior y superior de distintos municipios del estado, de los cuales 75 fueron finalistas tras una rigurosa evaluaci\u00f3n por parte de 26 especialistas del Sistema Nacional y Estatal de Investigadoras e Investigadores (SNII y SEI).<\/p>\n<p>Participaron 187 estudiantes y 59 asesores de instituciones como CBTIS, CONALEP, COBAT, Preparatorias UAT, Tecnol\u00f3gicos y Universidades Tecnol\u00f3gicas. Las \u00e1reas tem\u00e1ticas incluyeron agroindustria, ciencias ambientales y sociales, ingenier\u00edas, salud y sistemas inform\u00e1ticos. Se reconoci\u00f3 la destacada coordinaci\u00f3n del Dr. Edgardo Su\u00e1rez, de la Facultad de Arquitectura, Dise\u00f1o y Urbanismo UAT; del Dr. Sergio Correa, de la Facultad de Ciencias de la Educaci\u00f3n y Humanidades UAT; as\u00ed como el respaldo acad\u00e9mico de evaluadores de la UAT, UPV, CRETAM y TecNM Victoria.<\/p>\n<p>&nbsp;<\/p>\n<p>&nbsp;<\/p>\n","protected":false},"excerpt":{"rendered":"<p>La Universidad Aut\u00f3noma de Tamaulipas (UAT) obtuvo destacadas distinciones en diversas categor\u00edas y \u00e1reas de conocimiento durante la ceremonia de premiaci\u00f3n de la Feria de Ciencias e Ingenier\u00edas Tamaulipas 2025 (FECIT), cuyo evento fue convocado por el Gobierno del Estado a trav\u00e9s de la Secretar\u00eda de Educaci\u00f3n y el Consejo Tamaulipeco de Ciencia y Tecnolog\u00eda [&hellip;]<\/p>\n","protected":false},"author":4,"featured_media":19841,"comment_status":"closed","ping_status":"closed","sticky":false,"template":"","format":"standard","meta":{"footnotes":""},"categories":[3],"tags":[],"class_list":["post-19840","post","type-post","status-publish","format-standard","has-post-thumbnail","hentry","category-victoria"],"_links":{"self":[{"href":"https:\/\/conexiontotal.press\/index.php\/wp-json\/wp\/v2\/posts\/19840","targetHints":{"allow":["GET"]}}],"collection":[{"href":"https:\/\/conexiontotal.press\/index.php\/wp-json\/wp\/v2\/posts"}],"about":[{"href":"https:\/\/conexiontotal.press\/index.php\/wp-json\/wp\/v2\/types\/post"}],"author":[{"embeddable":true,"href":"https:\/\/conexiontotal.press\/index.php\/wp-json\/wp\/v2\/users\/4"}],"replies":[{"embeddable":true,"href":"https:\/\/conexiontotal.press\/index.php\/wp-json\/wp\/v2\/comments?post=19840"}],"version-history":[{"count":1,"href":"https:\/\/conexiontotal.press\/index.php\/wp-json\/wp\/v2\/posts\/19840\/revisions"}],"predecessor-version":[{"id":19842,"href":"https:\/\/conexiontotal.press\/index.php\/wp-json\/wp\/v2\/posts\/19840\/revisions\/19842"}],"wp:featuredmedia":[{"embeddable":true,"href":"https:\/\/conexiontotal.press\/index.php\/wp-json\/wp\/v2\/media\/19841"}],"wp:attachment":[{"href":"https:\/\/conexiontotal.press\/index.php\/wp-json\/wp\/v2\/media?parent=19840"}],"wp:term":[{"taxonomy":"category","embeddable":true,"href":"https:\/\/conexiontotal.press\/index.php\/wp-json\/wp\/v2\/categories?post=19840"},{"taxonomy":"post_tag","embeddable":true,"href":"https:\/\/conexiontotal.press\/index.php\/wp-json\/wp\/v2\/tags?post=19840"}],"curies":[{"name":"wp","href":"https:\/\/api.w.org\/{rel}","templated":true}]}}