{"id":19864,"date":"2025-06-19T16:40:11","date_gmt":"2025-06-19T22:40:11","guid":{"rendered":"https:\/\/conexiontotal.press\/?p=19864"},"modified":"2025-06-19T16:40:11","modified_gmt":"2025-06-19T22:40:11","slug":"cristian-castro-confiesa-que-odia-ser-adulto-y-que-no-le-gusta-trabajar","status":"publish","type":"post","link":"https:\/\/conexiontotal.press\/index.php\/2025\/06\/19\/cristian-castro-confiesa-que-odia-ser-adulto-y-que-no-le-gusta-trabajar\/","title":{"rendered":"Cristian Castro confiesa que odia ser adulto y que no le gusta trabajar"},"content":{"rendered":"<p>CIUDAD DE M\u00c9XICO.- Cristian Castro, una de las voces m\u00e1s reconocidas de M\u00e9xico y quien alcanz\u00f3 la fama en los a\u00f1os 90 con \u00e9xitos como \u201cNo podr\u00e1s\u201d y \u201cMa\u00f1ana\u201d, hizo una pol\u00e9mica revelaci\u00f3n que ha sorprendido a miles de fans e internautas. Muchos no imaginaron que el cantante pudiera sentirse igual que millones de personas, quienes de inmediato se sintieron identificadas con sus palabras.<\/p>\n<p>El hijo de Ver\u00f3nica Castro, quien en los \u00faltimos a\u00f1os ha estado envuelto en distintas pol\u00e9micas, como su relaci\u00f3n con Mariela S\u00e1nchez, sus arriesgados atuendos o su distanciamiento con su madre, comparti\u00f3 en una entrevista con un medio sudamericano detalles sobre lo que le gusta hacer en su tiempo libre. M\u00e1s all\u00e1 de viajar o visitar restaurantes lujosos y tiendas de prestigio, Cristian dio una respuesta que pocos esperaban.<\/p>\n<blockquote class=\"instagram-media\" data-instgrm-captioned=\"\" data-instgrm-permalink=\"https:\/\/www.instagram.com\/p\/DF85BPuJ9YE\/?utm_source=ig_embed&amp;utm_campaign=loading\" data-instgrm-version=\"14\">\n<div>\n<p>&nbsp;<\/p>\n<div>\n<div><\/div>\n<div>\n<div><\/div>\n<div><\/div>\n<\/div>\n<\/div>\n<div><\/div>\n<div><\/div>\n<div>\n<div>Ver esta publicaci\u00f3n en Instagram<\/div>\n<\/div>\n<div><\/div>\n<div>\n<div>\n<div><\/div>\n<div><\/div>\n<div><\/div>\n<\/div>\n<div>\n<div><\/div>\n<div><\/div>\n<\/div>\n<div>\n<div><\/div>\n<div><\/div>\n<div><\/div>\n<\/div>\n<\/div>\n<div>\n<div><\/div>\n<div><\/div>\n<\/div>\n<p>&nbsp;<\/p>\n<p><a href=\"https:\/\/www.instagram.com\/p\/DF85BPuJ9YE\/?utm_source=ig_embed&amp;utm_campaign=loading\" target=\"_blank\" rel=\"noopener\">Una publicaci\u00f3n compartida por Mariela Sanchez (@sanchez.mariela)<\/a><\/p>\n<\/div>\n<\/blockquote>\n<p>&nbsp;<\/p>\n<p>\u201cNo me gust\u00f3 crecer, odio trabajar\u201d: asegura Cristian Castro<\/p>\n<p>Las declaraciones del cantante habr\u00edan sido hechas hace alrededor de cinco a\u00f1os. Sin embargo, resurgieron en redes sociales debido a la elocuencia de sus palabras, y comenzaron a viralizarse por la sinceridad que imprimi\u00f3 a su inesperada confesi\u00f3n.<\/p>\n<p>En la entrevista para el programa de CNN Radio 950 AM, el conductor Dante Gebel lo cuestion\u00f3 sobre su vida. Fue entonces cuando Cristian abord\u00f3 c\u00f3mo ha sido para \u00e9l la adultez, llena de responsabilidades y de la necesidad, que muchas personas sienten, de estar siempre ocupadas sin disfrutar del simple hecho de no hacer nada.<\/p>\n<p>En la conversaci\u00f3n, que dur\u00f3 poco m\u00e1s de 30 minutos, el int\u00e9rprete revel\u00f3, adem\u00e1s, que no le gusta hacer nada en su tiempo libre y que, en general, no le gusta trabajar. M\u00e1s bien, trabaja porque no le queda de otra y porque el dinero es necesario.<\/p>\n<p>El conductor del programa le pregunt\u00f3 c\u00f3mo era un d\u00eda normal en su vida, a lo cual el artista respondi\u00f3 de forma tajante y contundente que no le gusta hacer nada.<\/p>\n<p>\u201cYo nunca tengo nada que hacer. A la gente le gusta hacer algo a fuerzas. Yo quiero ense\u00f1arle a la gente a no hacer nada\u201d, expres\u00f3.<\/p>\n<p>Pero la conversaci\u00f3n no termin\u00f3 ah\u00ed. Ya entrando en confianza y abordando el tema m\u00e1s a fondo, el cantante tambi\u00e9n asegur\u00f3 que no le gust\u00f3 crecer. Record\u00f3 que, durante la pandemia, se vio obligado a realizar tareas cotidianas del hogar y que, curiosamente, lavar y cocinar fueron actividades que le encantaron.<\/p>\n<p>Fue entonces cuando asegur\u00f3 que la etapa que m\u00e1s disfrut\u00f3 fue la adolescencia, la cual, seg\u00fan \u00e9l, permanece en su mente de forma permanente.<\/p>\n<p>\u201cEn mi cabeza yo tengo una adolescencia eterna. No me gusta ser adulto, no me divirti\u00f3 crecer tanto y no se me hace tan divertido lo de los adultos. Entonces, me quedo mentalmente en los 13, 14, 15, 16 a\u00f1os, que fue muy divertido\u2026 hay mucha responsabilidad: pagos, estar al pendiente de mi carrera\u201d, expres\u00f3.<\/p>\n<blockquote class=\"twitter-tweet\">\n<p dir=\"ltr\" lang=\"es\">\u00bfQui\u00e9n m\u00e1s como Cristian Castro y yo? <a href=\"https:\/\/t.co\/oLvKK6Nt3N\">pic.twitter.com\/oLvKK6Nt3N<\/a><\/p>\n<p>\u2014 Mon\u00ae (@UnnaTuitera) <a href=\"https:\/\/twitter.com\/UnnaTuitera\/status\/1935162798998438226?ref_src=twsrc%5Etfw\">June 18, 2025<\/a><\/p><\/blockquote>\n<p>&nbsp;<\/p>\n<p>Aunque asegur\u00f3 que vive de su trabajo, subray\u00f3 que lo hace \u00fanicamente para poder pasar mucho tiempo sin hacerlo, y as\u00ed tener el dinero suficiente para disfrutar otras cosas de la vida.<\/p>\n<blockquote class=\"twitter-tweet\">\n<p dir=\"ltr\" lang=\"es\">Mientras m\u00e1s videos de Cristian Castro veo, m\u00e1s s\u00e9 que soy Cristian Castro \ud83d\ude33 <a href=\"https:\/\/t.co\/uWoXG77oWT\">pic.twitter.com\/uWoXG77oWT<\/a><\/p>\n<p>\u2014 Javier (@javisarten) <a href=\"https:\/\/twitter.com\/javisarten\/status\/1935222772583510152?ref_src=twsrc%5Etfw\">June 18, 2025<\/a><\/p><\/blockquote>\n<p>&nbsp;<\/p>\n<p>\u201cDe lo \u00fanico que estoy preocupado en la vida es de no trabajar, porque no me gusta trabajar. No entiendo a la gente workaholic, me da mucho gusto por ellos, les aplaudo, pero yo no\u201d, afirm\u00f3.<\/p>\n<p>Finalmente, asegur\u00f3 que le gustar\u00eda ense\u00f1arle a las personas a no hacer absolutamente nada y aprender a descansar: escuchar m\u00fasica, comer, tomar vino o simplemente observar una pared.<\/p>\n<p>\u201cEl problema m\u00e1ximo de los seres humanos hoy es que no saben hacer nada. Ahora todos quieren hacer algo y eso est\u00e1 trist\u00edsimo, porque yo vengo de una \u00e9poca en la que todav\u00eda se hac\u00eda nada\u201d, dijo.<\/p>\n<blockquote class=\"twitter-tweet\">\n<p dir=\"ltr\" lang=\"es\">Quiero ser como Cristian Castro\ud83d\ude05pero no puedo\ud83e\udd23\ud83d\ude05jaja. <a href=\"https:\/\/t.co\/jnk0ugkWwL\">pic.twitter.com\/jnk0ugkWwL<\/a><\/p>\n<p>\u2014 Claudia Acosta (@claudia3110) <a href=\"https:\/\/twitter.com\/claudia3110\/status\/1935023210044502307?ref_src=twsrc%5Etfw\">June 17, 2025<\/a><\/p><\/blockquote>\n<p>&nbsp;<\/p>\n<p>Las reacciones no se hicieron esperar, y miles de personas se identificaron con la percepci\u00f3n y autenticidad de Cristian sobre la vida. Muchas efectivamente no disfrutan la vida adulta, que implica grandes responsabilidades y poco tiempo libre para gozar de las peque\u00f1as cosas.<\/p>\n<p>Cristian concluy\u00f3 que, para poder disfrutar de ese tiempo libre, tambi\u00e9n es necesario haberse forjado un camino y, sobre todo, cuidar mucho la salud.<\/p>\n<p>Con informaci\u00f3n de<span class=\"Apple-converted-space\">\u00a0 <\/span>EXC\u00c9LSIOR<\/p>\n","protected":false},"excerpt":{"rendered":"<p>CIUDAD DE M\u00c9XICO.- Cristian Castro, una de las voces m\u00e1s reconocidas de M\u00e9xico y quien alcanz\u00f3 la fama en los a\u00f1os 90 con \u00e9xitos como \u201cNo podr\u00e1s\u201d y \u201cMa\u00f1ana\u201d, hizo una pol\u00e9mica revelaci\u00f3n que ha sorprendido a miles de fans e internautas. Muchos no imaginaron que el cantante pudiera sentirse igual que millones de personas, [&hellip;]<\/p>\n","protected":false},"author":4,"featured_media":19865,"comment_status":"closed","ping_status":"closed","sticky":false,"template":"","format":"standard","meta":{"footnotes":""},"categories":[16],"tags":[],"class_list":["post-19864","post","type-post","status-publish","format-standard","has-post-thumbnail","hentry","category-espectaculos"],"_links":{"self":[{"href":"https:\/\/conexiontotal.press\/index.php\/wp-json\/wp\/v2\/posts\/19864","targetHints":{"allow":["GET"]}}],"collection":[{"href":"https:\/\/conexiontotal.press\/index.php\/wp-json\/wp\/v2\/posts"}],"about":[{"href":"https:\/\/conexiontotal.press\/index.php\/wp-json\/wp\/v2\/types\/post"}],"author":[{"embeddable":true,"href":"https:\/\/conexiontotal.press\/index.php\/wp-json\/wp\/v2\/users\/4"}],"replies":[{"embeddable":true,"href":"https:\/\/conexiontotal.press\/index.php\/wp-json\/wp\/v2\/comments?post=19864"}],"version-history":[{"count":1,"href":"https:\/\/conexiontotal.press\/index.php\/wp-json\/wp\/v2\/posts\/19864\/revisions"}],"predecessor-version":[{"id":19866,"href":"https:\/\/conexiontotal.press\/index.php\/wp-json\/wp\/v2\/posts\/19864\/revisions\/19866"}],"wp:featuredmedia":[{"embeddable":true,"href":"https:\/\/conexiontotal.press\/index.php\/wp-json\/wp\/v2\/media\/19865"}],"wp:attachment":[{"href":"https:\/\/conexiontotal.press\/index.php\/wp-json\/wp\/v2\/media?parent=19864"}],"wp:term":[{"taxonomy":"category","embeddable":true,"href":"https:\/\/conexiontotal.press\/index.php\/wp-json\/wp\/v2\/categories?post=19864"},{"taxonomy":"post_tag","embeddable":true,"href":"https:\/\/conexiontotal.press\/index.php\/wp-json\/wp\/v2\/tags?post=19864"}],"curies":[{"name":"wp","href":"https:\/\/api.w.org\/{rel}","templated":true}]}}