{"id":19937,"date":"2025-06-24T18:12:39","date_gmt":"2025-06-25T00:12:39","guid":{"rendered":"https:\/\/conexiontotal.press\/?p=19937"},"modified":"2025-06-24T18:12:39","modified_gmt":"2025-06-25T00:12:39","slug":"en-octubre-convocaran-para-elegir-nuevo-fiscal-de-tamaulipas-barrios-se-podria-reelegir","status":"publish","type":"post","link":"https:\/\/conexiontotal.press\/index.php\/2025\/06\/24\/en-octubre-convocaran-para-elegir-nuevo-fiscal-de-tamaulipas-barrios-se-podria-reelegir\/","title":{"rendered":"En Octubre convocar\u00e1n para elegir nuevo fiscal de Tamaulipas; Barrios se podr\u00eda reelegir"},"content":{"rendered":"<p data-reader-unique-id=\"18\">CIUDAD VICTORIA, TAMAULIPAS.- No existe impedimento en la Ley para que el actual Fiscal General de Justicia, Irving Barrios Mojica pueda buscar un periodo m\u00e1s al frente de la dependencia, confirm\u00f3 el presidente del Congreso, al afirmar que su desempe\u00f1o ha sido bueno.<\/p>\n<blockquote data-reader-unique-id=\"19\">\n<p data-reader-unique-id=\"20\"><em data-reader-unique-id=\"21\"><strong data-reader-unique-id=\"22\">\u201cYo creo que al final, el Fiscal ha dado resultados en temas complicados que han llegado aqu\u00ed al estado, y al final, lo que hemos visto es que en unos d\u00edas o una semana despu\u00e9s, se ha dado con los presuntos responsables\u201d, expres\u00f3 Humberto Prieto Herrera.<\/strong><\/em><\/p>\n<\/blockquote>\n<p data-reader-unique-id=\"25\">Durante la ma\u00f1anera legislativa, el coordinador de la bancada de Morena, coment\u00f3 que ser\u00e1 en el mes de octubre cuando podr\u00eda emitirse la convocatoria para recibir la documentaci\u00f3n de los aspirantes al cargo.<\/p>\n<p data-reader-unique-id=\"26\"><em data-reader-unique-id=\"27\"><strong data-reader-unique-id=\"28\">\u201cNo hay ning\u00fan impedimento dentro del marco de la ley que no permita al Fiscal reelegirse en caso de que quiera registrarse cuando este Congreso emita la convocatoria\u201d.<\/strong><\/em><\/p>\n<p data-reader-unique-id=\"31\">Se\u00f1al\u00f3 que existe una buena coordinaci\u00f3n entre la Fiscal\u00eda General de Justicia del Estado (FGJE) con la Fiscal\u00eda General de la Rep\u00fablica (FGR), y las dem\u00e1s autoridades de seguridad y justicia.<\/p>\n<blockquote data-reader-unique-id=\"32\">\n<p data-reader-unique-id=\"33\"><em data-reader-unique-id=\"34\"><strong data-reader-unique-id=\"35\">\u201cCreemos que es una balanza positiva, tambi\u00e9n el trabajo que est\u00e1 haciendo el Gobernador con la Mesa de Construcci\u00f3n de la Paz, marca que los \u00edndices de violencia han bajado de manera importante aqu\u00ed en Tamaulipas\u201d, se\u00f1al\u00f3.<\/strong><\/em><\/p>\n<\/blockquote>\n<p data-reader-unique-id=\"36\">Sobre el inter\u00e9s que podr\u00eda tener el actual Fiscal Anticorrupci\u00f3n, Jes\u00fas Eduardo Govea Orozco por participar en la convocatoria para aspirar a convertirse en Fiscal General, dijo que la convocatoria ser\u00e1 abierta para que participen quienes as\u00ed lo consideren.<\/p>\n<blockquote data-reader-unique-id=\"37\">\n<p data-reader-unique-id=\"38\"><em data-reader-unique-id=\"39\"><strong data-reader-unique-id=\"40\">\u201cEl Fiscal Anticorrupci\u00f3n est\u00e1 haciendo muy bien su chamba, si \u00e9l tiene aspiraciones, hay que pregunt\u00e1rselo a \u00e9l; en su momento saldr\u00e1 la convocatoria y ser\u00e1 abierta y cualquier persona se puede registrar\u201d, coment\u00f3.<\/strong><\/em><\/p>\n<\/blockquote>\n<p data-reader-unique-id=\"41\">Por. Perla Res\u00e9ndez<\/p>\n","protected":false},"excerpt":{"rendered":"<p>CIUDAD VICTORIA, TAMAULIPAS.- No existe impedimento en la Ley para que el actual Fiscal General de Justicia, Irving Barrios Mojica pueda buscar un periodo m\u00e1s al frente de la dependencia, confirm\u00f3 el presidente del Congreso, al afirmar que su desempe\u00f1o ha sido bueno. \u201cYo creo que al final, el Fiscal ha dado resultados en temas [&hellip;]<\/p>\n","protected":false},"author":4,"featured_media":19938,"comment_status":"closed","ping_status":"closed","sticky":false,"template":"","format":"standard","meta":{"footnotes":""},"categories":[3],"tags":[],"class_list":["post-19937","post","type-post","status-publish","format-standard","has-post-thumbnail","hentry","category-victoria"],"_links":{"self":[{"href":"https:\/\/conexiontotal.press\/index.php\/wp-json\/wp\/v2\/posts\/19937","targetHints":{"allow":["GET"]}}],"collection":[{"href":"https:\/\/conexiontotal.press\/index.php\/wp-json\/wp\/v2\/posts"}],"about":[{"href":"https:\/\/conexiontotal.press\/index.php\/wp-json\/wp\/v2\/types\/post"}],"author":[{"embeddable":true,"href":"https:\/\/conexiontotal.press\/index.php\/wp-json\/wp\/v2\/users\/4"}],"replies":[{"embeddable":true,"href":"https:\/\/conexiontotal.press\/index.php\/wp-json\/wp\/v2\/comments?post=19937"}],"version-history":[{"count":1,"href":"https:\/\/conexiontotal.press\/index.php\/wp-json\/wp\/v2\/posts\/19937\/revisions"}],"predecessor-version":[{"id":19939,"href":"https:\/\/conexiontotal.press\/index.php\/wp-json\/wp\/v2\/posts\/19937\/revisions\/19939"}],"wp:featuredmedia":[{"embeddable":true,"href":"https:\/\/conexiontotal.press\/index.php\/wp-json\/wp\/v2\/media\/19938"}],"wp:attachment":[{"href":"https:\/\/conexiontotal.press\/index.php\/wp-json\/wp\/v2\/media?parent=19937"}],"wp:term":[{"taxonomy":"category","embeddable":true,"href":"https:\/\/conexiontotal.press\/index.php\/wp-json\/wp\/v2\/categories?post=19937"},{"taxonomy":"post_tag","embeddable":true,"href":"https:\/\/conexiontotal.press\/index.php\/wp-json\/wp\/v2\/tags?post=19937"}],"curies":[{"name":"wp","href":"https:\/\/api.w.org\/{rel}","templated":true}]}}