{"id":19956,"date":"2025-06-26T10:03:14","date_gmt":"2025-06-26T16:03:14","guid":{"rendered":"https:\/\/conexiontotal.press\/?p=19956"},"modified":"2025-06-26T10:03:14","modified_gmt":"2025-06-26T16:03:14","slug":"sube-a-23-los-casos-de-miasis-por-gusano-barrenador-en-humanos-13-estan-hospitalizados","status":"publish","type":"post","link":"https:\/\/conexiontotal.press\/index.php\/2025\/06\/26\/sube-a-23-los-casos-de-miasis-por-gusano-barrenador-en-humanos-13-estan-hospitalizados\/","title":{"rendered":"Sube a 23 los casos de miasis por gusano barrenador en humanos; 13 est\u00e1n hospitalizados"},"content":{"rendered":"<p data-reader-unique-id=\"1\">Los casos de miasis por gusano barrenador (Cochliomyia Hominivorax) en humanos aumentaron a 23. El incremento de pacientes se present\u00f3 en Chiapas, donde a los 15 ya reportados, se sumaron 6 nuevos casos confirmados durante la \u00faltima semana, con lo cual, se lleg\u00f3 a un total de 21 y a esta cifra se sumaron los dos casos anteriormente registrados en Campeche, informaron autoridades de salud.<\/p>\n<p data-reader-unique-id=\"2\">En su informe epidemiol\u00f3gico correspondiente a la semana 24 con corte al 20 de junio, la Secretar\u00eda de Salud se\u00f1al\u00f3 que actualmente 13 pacientes se encuentran hospitalizados, 12 de ellos en unidades m\u00e9dicas de la entidad chiapaneca y uno en Campeche.<\/p>\n<p data-reader-unique-id=\"9\"><strong data-reader-unique-id=\"10\">Pacientes internados por gusano barrenador<\/strong><br data-reader-unique-id=\"11\" \/>Las personas internadas en Chiapas debido a miasis por gusano barrenador son:<\/p>\n<p data-reader-unique-id=\"12\">Hombre de 74 a\u00f1os con lesi\u00f3n en la cabeza quien padece neoplasia de piel (Mapastepec).<br data-reader-unique-id=\"13\" \/>Mujer de 49 a\u00f1os con lesi\u00f3n en la pierna derecha, quien tiene cirug\u00eda de ri\u00f1\u00f3n (Tapachula).<br data-reader-unique-id=\"14\" \/>Hombre de 67 a\u00f1os con lesi\u00f3n en la pierna izquierda y padece alcoholismo (Tapachula)<br data-reader-unique-id=\"15\" \/>Hombre de 36 a\u00f1os con lesi\u00f3n en genitales (Comaltitl\u00e1n).<br data-reader-unique-id=\"16\" \/>Hombre de 55 a\u00f1os con lesi\u00f3n en cabeza y cuello, quien padece alcoholismo (Huixtla).<br data-reader-unique-id=\"17\" \/>Hombre de 17 a\u00f1os con lesi\u00f3n en cabeza y cuello (Pichucalco).<br data-reader-unique-id=\"18\" \/>Hombre de 32 a\u00f1os con lesi\u00f3n en pierna izquierda con probable infecci\u00f3n de VIH (Ocosingo).<br data-reader-unique-id=\"19\" \/>Hombre de 60 a\u00f1os de edad con lesi\u00f3n en pierna izquierda quien padece diabetes mellitus (Ocosingo).<br data-reader-unique-id=\"20\" \/>Hombre de 25 a\u00f1os con lesi\u00f3n en la cavidad oral, quien padece d\u00e9ficit neurol\u00f3gico cr\u00f3nico (Chil\u00f3n).<br data-reader-unique-id=\"21\" \/>Mujer de 53 a\u00f1os con lesi\u00f3n en cavidad oral y nasal (Chil\u00f3n).<br data-reader-unique-id=\"22\" \/>Hombre de 58 a\u00f1os con lesi\u00f3n en pierna izquierda (Mazat\u00e1n).<br data-reader-unique-id=\"23\" \/>Hombre de 39 a\u00f1os con lesi\u00f3n en la cabeza. Padece c\u00e1ncer de lengua, reside en Oaxaca pero es atendido en Yajal\u00f3n.<\/p>\n<p data-reader-unique-id=\"31\">En tanto, la persona que permanece internada en Campeche es:<\/p>\n<p data-reader-unique-id=\"36\">Mujer de 86 a\u00f1os con lesi\u00f3n en la cabeza, quien presenta entre otras enfermedades, neoplasia basocelular, trastornos de la conciencia y \u00falceras en la piel (Candelaria).<\/p>\n<p data-reader-unique-id=\"37\"><strong data-reader-unique-id=\"38\">Altas por mejor\u00eda tras presentar miasis<\/strong><br data-reader-unique-id=\"39\" \/>De los 23 pacientes con miasis por gusano barrenador, 7 ya fueron dados de alta por presentar mejor\u00eda, mientras que a uno m\u00e1s se le dio de alta para ser trasladado y dos se encuentran estables con tratamiento ambulatorio, detall\u00f3 la Secretar\u00eda de Salud.<\/p>\n<p data-reader-unique-id=\"40\">CON INFORMACI\u00d3N DE EXC\u00c9LSIOR<\/p>\n","protected":false},"excerpt":{"rendered":"<p>Los casos de miasis por gusano barrenador (Cochliomyia Hominivorax) en humanos aumentaron a 23. El incremento de pacientes se present\u00f3 en Chiapas, donde a los 15 ya reportados, se sumaron 6 nuevos casos confirmados durante la \u00faltima semana, con lo cual, se lleg\u00f3 a un total de 21 y a esta cifra se sumaron los [&hellip;]<\/p>\n","protected":false},"author":4,"featured_media":19957,"comment_status":"closed","ping_status":"closed","sticky":false,"template":"","format":"standard","meta":{"footnotes":""},"categories":[12],"tags":[],"class_list":["post-19956","post","type-post","status-publish","format-standard","has-post-thumbnail","hentry","category-mexico"],"_links":{"self":[{"href":"https:\/\/conexiontotal.press\/index.php\/wp-json\/wp\/v2\/posts\/19956","targetHints":{"allow":["GET"]}}],"collection":[{"href":"https:\/\/conexiontotal.press\/index.php\/wp-json\/wp\/v2\/posts"}],"about":[{"href":"https:\/\/conexiontotal.press\/index.php\/wp-json\/wp\/v2\/types\/post"}],"author":[{"embeddable":true,"href":"https:\/\/conexiontotal.press\/index.php\/wp-json\/wp\/v2\/users\/4"}],"replies":[{"embeddable":true,"href":"https:\/\/conexiontotal.press\/index.php\/wp-json\/wp\/v2\/comments?post=19956"}],"version-history":[{"count":1,"href":"https:\/\/conexiontotal.press\/index.php\/wp-json\/wp\/v2\/posts\/19956\/revisions"}],"predecessor-version":[{"id":19958,"href":"https:\/\/conexiontotal.press\/index.php\/wp-json\/wp\/v2\/posts\/19956\/revisions\/19958"}],"wp:featuredmedia":[{"embeddable":true,"href":"https:\/\/conexiontotal.press\/index.php\/wp-json\/wp\/v2\/media\/19957"}],"wp:attachment":[{"href":"https:\/\/conexiontotal.press\/index.php\/wp-json\/wp\/v2\/media?parent=19956"}],"wp:term":[{"taxonomy":"category","embeddable":true,"href":"https:\/\/conexiontotal.press\/index.php\/wp-json\/wp\/v2\/categories?post=19956"},{"taxonomy":"post_tag","embeddable":true,"href":"https:\/\/conexiontotal.press\/index.php\/wp-json\/wp\/v2\/tags?post=19956"}],"curies":[{"name":"wp","href":"https:\/\/api.w.org\/{rel}","templated":true}]}}